{"id":1432,"date":"2022-10-03T15:41:00","date_gmt":"2022-10-03T15:41:00","guid":{"rendered":"https:\/\/tamaulipasmiregion.com\/?p=1432"},"modified":"2022-11-01T15:42:43","modified_gmt":"2022-11-01T15:42:43","slug":"reconoce-rector-trayectoria-academica-de-la-facultad-de-comercio-victoria%ef%bf%bc","status":"publish","type":"post","link":"https:\/\/tamaulipasmiregion.com\/?p=1432","title":{"rendered":"Reconoce Rector trayectoria acad\u00e9mica de la Facultad de Comercio Victoria\ufffc"},"content":{"rendered":"\n<p>La Facultad de Comercio y Administraci\u00f3n Victoria (FCAV) llev\u00f3 a cabo la ceremonia conmemorativa del quincuag\u00e9simo quinto aniversario de su fundaci\u00f3n, acto en que el C. P. Guillermo Mendoza Cavazos, Rector de la Universidad Aut\u00f3noma de Tamaulipas (UAT), reconoci\u00f3 la trayectoria y excelencia acad\u00e9mica de ese plantel universitario.<\/p>\n\n\n\n<p>Al presidir la ceremonia en la explanada de la FCAV, el Rector destac\u00f3 que <a><\/a>esta es una de las instituciones de la UAT con mayor demanda, y que goza de un gran prestigio al ofertar programas educativos de licenciatura y posgrado acreditados a nivel nacional.<\/p>\n\n\n\n<p>Record\u00f3 que en octubre de 1967 se inaugur\u00f3 esta escuela con la carrera de Contador P\u00fablico, con seis profesores y treinta y siete alumnos; tambi\u00e9n destac\u00f3 la trascendencia de su primer director, el C. P. Enrique Etienne P\u00e9rez del R\u00edo, por sentar las bases de la historia exitosa de esta instituci\u00f3n.<\/p>\n\n\n\n<p>\u201cPor ello debemos conmemorar y reconocer a nuestros fundadores, por construir una historia ejemplar de perseverancia y compromiso educativo\u201d, subray\u00f3 el RectorGuillermo Mendoza Cavazos.<\/p>\n\n\n\n<p>Luego de felicitar a la comunidad universitaria de la FCAV por conmemorar los cincuenta y cinco a\u00f1os de existencia, se dijo orgulloso de ser egresado del plantel y compartir este significativo acto en que se rinde homenaje a sus docentes y fundadores.<\/p>\n\n\n\n<p>\u201cA las generaciones m\u00e1s j\u00f3venes los convido a hurgar en los antecedentes y conocer el legado de sus maestros,porque son una planta docente que contin\u00faa iluminando generacionalmente a cientos y cientos de estudiantes\u201d, agreg\u00f3.<\/p>\n\n\n\n<p>Asent\u00f3 que, a lo largo de su historia, la Facultad de Comercio de Victoria se ha destacado por su responsabilidad institucional y por trabajar en unidad y compromiso coneducaci\u00f3n de calidad, y felicit\u00f3 al actual director, el Dr. Jes\u00fas Gerardo Delgado Rivas, por seguir avanzando bajo esta premisa.<\/p>\n\n\n\n<p>Como parte del programa, el Rector Guillermo Mendoza Cavazos entreg\u00f3 reconocimientos al personal docente inscrito en el Sistema Nacional de Investigadores(SNI), a estudiantes de excelencia acad\u00e9mica y al alumnado que se destaca por su participaci\u00f3n en proyectos de emprendedores y en los distintos deportes.<\/p>\n\n\n\n<p>En su oportunidad, el Dr. Jes\u00fas Gerardo Delgado Rivas hizo un recuento de la trayectoria de esta instituci\u00f3n. Se\u00f1al\u00f3que, desde su fundaci\u00f3n, esta se ha caracterizado por formar profesionistas de excelencia en las \u00e1reas econ\u00f3mico-administrativas, adem\u00e1s de impulsar una investigaci\u00f3n comprometida en atender necesidades de la sociedad.<\/p>\n\n\n\n<p>Se\u00f1al\u00f3 que, actualmente, la FCAV cuenta con un claustro docente de ciento cincuenta y seis profesores, m\u00e1s de mil ochocientos alumnos y casi ocho mil setecientosegresados con t\u00edtulo profesional.<\/p>\n\n\n\n<p>A\u00f1adi\u00f3 que tres de los cuatro programas de licenciatura que oferta la FCAV son reconocidos por su calidad; dos de sus programas de posgrado est\u00e1n inscritos en el Sistema Nacional de Posgrados; y de los diez cuerpos acad\u00e9micos con que cuenta, seis est\u00e1n consolidados.<\/p>\n\n\n\n<p>En la ceremonia, que cont\u00f3 con la asistencia del C. P. Luis Navarro Roso, decano de la UAT, tambi\u00e9n hicieron uso de la palabra el Ing. L\u00e1zaro Guillermo Avenda\u00f1o Cisneros, profesor asamble\u00edsta; y Mireya Estefan\u00eda Ram\u00edrez Guillen, en representaci\u00f3n del alumnado.<\/p>\n\n\n\n<p>En otra parte del programa, el Rector entreg\u00f3 uniformes a los equipos deportivos y parti\u00f3 el pastel conmemorativo con los maestros, estudiantes e invitados especiales, donde estuvieron presentes los directores de los planteles universitarios del Campus Victoria y titulares de las secretar\u00edas del gabinete rectoral.<\/p>\n\n\n\n<p><a href=\"https:\/\/www.facebook.com\/photo\/?fbid=567693415162323&amp;set=a.504585941473071&amp;__cft__[0]=AZUFySogE0bhzZzXAzA6XmaV9CHGaeZB16dvylFEkzk6frm6KiLtWhsGwaOmKXNtcMo2vKAzRaBe7Oq5uduf_dVxGJY1044HknD5C0JRkbHtrIoFho0kjYN4QBwxyBp119nrCb6UW0SgSyF-SOSZ8fbwh29GyB_fYz6XIqPOMzkkCHLzeldL9ibkzrjJv4yjiAk&amp;__tn__=EH-R\"><\/a><\/p>\n","protected":false},"excerpt":{"rendered":"La Facultad de Comercio y Administraci\u00f3n Victoria (FCAV) llev\u00f3 a cabo la ceremonia conmemorativa del quincuag\u00e9simo quinto aniversario de su fundaci\u00f3n, acto en que el C. P. Guillermo Mendoza Cavazos, Rector de la Universidad Aut\u00f3noma de Tamaulipas (UAT), reconoci\u00f3 la trayectoria y excelencia acad\u00e9mica de ese plantel universitario. Al presidir la ceremonia en la explanada","protected":false},"author":1,"featured_media":1434,"comment_status":"open","ping_status":"open","sticky":false,"template":"","format":"standard","meta":{"_monsterinsights_skip_tracking":false,"_monsterinsights_sitenote_active":false,"_monsterinsights_sitenote_note":"","_monsterinsights_sitenote_category":0,"footnotes":""},"categories":[3],"tags":[],"class_list":["post-1432","post","type-post","status-publish","format-standard","has-post-thumbnail","hentry","category-noticias"],"aioseo_notices":[],"amp_enabled":true,"_links":{"self":[{"href":"https:\/\/tamaulipasmiregion.com\/index.php?rest_route=\/wp\/v2\/posts\/1432","targetHints":{"allow":["GET"]}}],"collection":[{"href":"https:\/\/tamaulipasmiregion.com\/index.php?rest_route=\/wp\/v2\/posts"}],"about":[{"href":"https:\/\/tamaulipasmiregion.com\/index.php?rest_route=\/wp\/v2\/types\/post"}],"author":[{"embeddable":true,"href":"https:\/\/tamaulipasmiregion.com\/index.php?rest_route=\/wp\/v2\/users\/1"}],"replies":[{"embeddable":true,"href":"https:\/\/tamaulipasmiregion.com\/index.php?rest_route=%2Fwp%2Fv2%2Fcomments&post=1432"}],"version-history":[{"count":1,"href":"https:\/\/tamaulipasmiregion.com\/index.php?rest_route=\/wp\/v2\/posts\/1432\/revisions"}],"predecessor-version":[{"id":1435,"href":"https:\/\/tamaulipasmiregion.com\/index.php?rest_route=\/wp\/v2\/posts\/1432\/revisions\/1435"}],"wp:featuredmedia":[{"embeddable":true,"href":"https:\/\/tamaulipasmiregion.com\/index.php?rest_route=\/wp\/v2\/media\/1434"}],"wp:attachment":[{"href":"https:\/\/tamaulipasmiregion.com\/index.php?rest_route=%2Fwp%2Fv2%2Fmedia&parent=1432"}],"wp:term":[{"taxonomy":"category","embeddable":true,"href":"https:\/\/tamaulipasmiregion.com\/index.php?rest_route=%2Fwp%2Fv2%2Fcategories&post=1432"},{"taxonomy":"post_tag","embeddable":true,"href":"https:\/\/tamaulipasmiregion.com\/index.php?rest_route=%2Fwp%2Fv2%2Ftags&post=1432"}],"curies":[{"name":"wp","href":"https:\/\/api.w.org\/{rel}","templated":true}]}}