{"id":1465,"date":"2022-11-16T15:18:00","date_gmt":"2022-11-16T15:18:00","guid":{"rendered":"https:\/\/tamaulipasmiregion.com\/?p=1465"},"modified":"2022-12-01T15:18:41","modified_gmt":"2022-12-01T15:18:41","slug":"preside-rector-convivencia-deportiva-en-la-facultad-de-enfermeria-victoria","status":"publish","type":"post","link":"https:\/\/tamaulipasmiregion.com\/?p=1465","title":{"rendered":"Preside rector convivencia deportiva en la Facultad de Enfermer\u00eda Victoria"},"content":{"rendered":"\n<p><\/p>\n\n\n\n<p>El C. P. Guillermo Mendoza asisti\u00f3 a las actividades que organiz\u00f3 la comunidad acad\u00e9mica y estudiantil de ese plantel universitario, que celebra 66 a\u00f1os de su fundaci\u00f3n como instituci\u00f3n pionera de la UAT en Ciudad Victoria.<\/p>\n\n\n\n<p>Ciudad Victoria, Tam.; 16 de noviembre de 2022.<\/p>\n\n\n\n<p>El C. P. Guillermo Mendoza Cavazos, rector de la Universidad Aut\u00f3noma de Tamaulipas (UAT), presidi\u00f3 la convivencia deportiva organizada en el marco del inicio de las actividades por el 66 aniversario de la Facultad de Enfermer\u00eda Victoria (FEV).<\/p>\n\n\n\n<p>Acompa\u00f1ado de su esposa, la C. P. Imelda Sustaita de Mendoza, el rector encabez\u00f3 las actividades que iniciaron desde las siete de la ma\u00f1ana de este mi\u00e9rcoles 16 de noviembre, en el circuito Campus Consorcio de la Salud, con la entusiasta participaci\u00f3n de la comunidad acad\u00e9mica y estudiantil de la FEV.<\/p>\n\n\n\n<p>En la apertura del evento, correspondi\u00f3 a la Mtra. Laura Roxana de los Reyes Nieto, directora de la Facultad de Enfermer\u00eda Victoria, ofrecer el mensaje de bienvenida, con la asistencia de la secretaria de Gesti\u00f3n Escolar de la Universidad, Dra. Cinthya Patricia Ibarra Gonz\u00e1lez, en calidad de decana del plantel universitario.<\/p>\n\n\n\n<p>Por su parte, Mendoza Cavazos dio el banderazo inicial a la competencia deportiva denominada Carrera 66 de Colores por la Salud, as\u00ed como una caminata recreativa, en donde se destac\u00f3 el prop\u00f3sito de promover la actividad f\u00edsica y una vida saludable.<\/p>\n\n\n\n<p>Al felicitar a la comunidad universitaria de la FEV por el 66 aniversario de su fundaci\u00f3n, el C. P. Guillermo Mendoza Cavazos dijo que ese plantel es pionero de la UAT en Ciudad Victoria, subrayando la relevancia que ha tenido en la formaci\u00f3n de generaciones exitosas en el \u00e1rea de la enfermer\u00eda.<\/p>\n\n\n\n<p>A su vez, la Mtra. Laura Roxana de los Reyes Nietoagradeci\u00f3 al rector su presencia en la convivencia y el apoyo que desde su administraci\u00f3n ha dado al plantel para seguir ofreciendo los servicios educativos de calidad que lo caracterizan.<\/p>\n\n\n\n<p>Se\u00f1al\u00f3 que los profesionales de la enfermer\u00eda son educadores de la salud, de ah\u00ed la importancia de la promoci\u00f3n de ese tipo de actividades, y reiter\u00f3 el compromiso con la sociedad de fomentar estilos de vida saludable.<\/p>\n\n\n\n<p>En ese marco, se llev\u00f3 a cabo la entrega de premios a los estudiantes que resultaron ganadores de la carrera: enprimer lugar, Celestino P\u00e1ez Alfaro; en segundo lugar, Fernando de la Rosa Gonz\u00e1lez; y, en tercer lugar, Alejandro Ricardo Valles.<\/p>\n\n\n\n<p>Cabe se\u00f1alar que en el evento estuvieron presentes directores y directoras de las facultades y unidades acad\u00e9micas, as\u00ed como integrantes del gabinete de la rector\u00eda.<\/p>\n\n\n\n<p>Las actividades del 66 aniversario de la FEV contin\u00faan este jueves 17 de noviembre, con el Congreso Internacional de Enfermer\u00eda 2022, denominado \u00abGesti\u00f3n y compromiso \u00e9tico en el cuidado humano del profesional de enfermer\u00eda\u00bb,que se realizar\u00e1 en las instalaciones de ese plantel universitario.<\/p>\n","protected":false},"excerpt":{"rendered":"El C. P. Guillermo Mendoza asisti\u00f3 a las actividades que organiz\u00f3 la comunidad acad\u00e9mica y estudiantil de ese plantel universitario, que celebra 66 a\u00f1os de su fundaci\u00f3n como instituci\u00f3n pionera de la UAT en Ciudad Victoria. Ciudad Victoria, Tam.; 16 de noviembre de 2022. El C. P. Guillermo Mendoza Cavazos, rector de la Universidad Aut\u00f3noma","protected":false},"author":1,"featured_media":1468,"comment_status":"open","ping_status":"open","sticky":false,"template":"","format":"standard","meta":{"_monsterinsights_skip_tracking":false,"_monsterinsights_sitenote_active":false,"_monsterinsights_sitenote_note":"","_monsterinsights_sitenote_category":0,"footnotes":""},"categories":[3],"tags":[],"class_list":["post-1465","post","type-post","status-publish","format-standard","has-post-thumbnail","hentry","category-noticias"],"aioseo_notices":[],"amp_enabled":true,"_links":{"self":[{"href":"https:\/\/tamaulipasmiregion.com\/index.php?rest_route=\/wp\/v2\/posts\/1465","targetHints":{"allow":["GET"]}}],"collection":[{"href":"https:\/\/tamaulipasmiregion.com\/index.php?rest_route=\/wp\/v2\/posts"}],"about":[{"href":"https:\/\/tamaulipasmiregion.com\/index.php?rest_route=\/wp\/v2\/types\/post"}],"author":[{"embeddable":true,"href":"https:\/\/tamaulipasmiregion.com\/index.php?rest_route=\/wp\/v2\/users\/1"}],"replies":[{"embeddable":true,"href":"https:\/\/tamaulipasmiregion.com\/index.php?rest_route=%2Fwp%2Fv2%2Fcomments&post=1465"}],"version-history":[{"count":1,"href":"https:\/\/tamaulipasmiregion.com\/index.php?rest_route=\/wp\/v2\/posts\/1465\/revisions"}],"predecessor-version":[{"id":1469,"href":"https:\/\/tamaulipasmiregion.com\/index.php?rest_route=\/wp\/v2\/posts\/1465\/revisions\/1469"}],"wp:featuredmedia":[{"embeddable":true,"href":"https:\/\/tamaulipasmiregion.com\/index.php?rest_route=\/wp\/v2\/media\/1468"}],"wp:attachment":[{"href":"https:\/\/tamaulipasmiregion.com\/index.php?rest_route=%2Fwp%2Fv2%2Fmedia&parent=1465"}],"wp:term":[{"taxonomy":"category","embeddable":true,"href":"https:\/\/tamaulipasmiregion.com\/index.php?rest_route=%2Fwp%2Fv2%2Fcategories&post=1465"},{"taxonomy":"post_tag","embeddable":true,"href":"https:\/\/tamaulipasmiregion.com\/index.php?rest_route=%2Fwp%2Fv2%2Ftags&post=1465"}],"curies":[{"name":"wp","href":"https:\/\/api.w.org\/{rel}","templated":true}]}}