{"id":1470,"date":"2022-11-29T15:19:00","date_gmt":"2022-11-29T15:19:00","guid":{"rendered":"https:\/\/tamaulipasmiregion.com\/?p=1470"},"modified":"2022-12-01T15:20:09","modified_gmt":"2022-12-01T15:20:09","slug":"legislatura-federal-y-el-inegi-reconocen-a-la-uat","status":"publish","type":"post","link":"https:\/\/tamaulipasmiregion.com\/?p=1470","title":{"rendered":"Legislatura federal y el INEGI reconocen a la UAT"},"content":{"rendered":"\n<p><\/p>\n\n\n\n<p>\u00b7 El diputado Erasmo Gonz\u00e1lez Robledo destac\u00f3 que el apoyo de la UAT en la difusi\u00f3n de la C\u00e1tedra INEGI contribuye a crear conciencia sobre la importancia del trabajo estad\u00edstico para la generaci\u00f3n de pol\u00edticas p\u00fablicas en el pa\u00eds.<\/p>\n\n\n\n<p>Al participar en la clausura de la vig\u00e9sima sexta C\u00e1tedra del Instituto Nacional de Estad\u00edstica y Geograf\u00eda (INEGI), el diputado federal Erasmo Gonz\u00e1lez Robledo felicit\u00f3 a la Universidad Aut\u00f3noma de Tamaulipas (UAT) y al INEGI por acercar ese tipo de informaci\u00f3n a la juventud tamaulipeca.<\/p>\n\n\n\n<p>El legislador destac\u00f3 lo anterior mediante un video en la ceremonia llevada a cabo en el Centro de Excelencia del Campus Victoria, presidida por el C. P. Guillermo Mendoza Cavazos, rector de la UAT, y la Dra. Graciela M\u00e1rquez Colin, presidenta del INEGI.<\/p>\n\n\n\n<p>Por su parte, el presidente de la Comisi\u00f3n de Presupuesto y Cuenta P\u00fablica de la C\u00e1mara de Diputados, Erasmo Gonz\u00e1lez Robledo, felicit\u00f3 a ambas instituciones por hacer posible el acercamiento que, dijo, refuerza los v\u00ednculos entre los \u00f3rganos del estado con los estudiantes de toda la rep\u00fablica.<\/p>\n\n\n\n<p>\u201cLa colaboraci\u00f3n con la UAT nos ha permitido adquirir conciencia sobre la importancia del trabajo estad\u00edstico para la generaci\u00f3n de pol\u00edticas p\u00fablicas.<\/p>\n\n\n\n<p>Me gustar\u00eda destacar la trascendencia de que la C\u00e1tedra INEGI se haya realizado en la UAT, que, adem\u00e1s de ser mi alma mater, es una de las instituciones educativas con m\u00e1s prestigio en el pa\u00eds\u201d, expres\u00f3.<\/p>\n\n\n\n<p>En su mensaje, el legislador federal puntualiz\u00f3 que la UAT es un referente a nivel nacional, que contribuye a la formaci\u00f3n de profesionales de excelencia y aporta conocimiento, impulsando el avance socioecon\u00f3mico, cultural y ambiental de nuestro estado y del pa\u00eds.<\/p>\n\n\n\n<p>Asimismo, Guillermo Mendoza Cavazos refiri\u00f3 que para la UAT es importante participar en la democratizaci\u00f3n de la informaci\u00f3n del INEGI, destacando que los datos que genera son fundamentales para la toma de decisiones en el sector p\u00fablico y el desarrollo del campo de la investigaci\u00f3n.<\/p>\n\n\n\n<p>\u201cEsta catedra permiti\u00f3 que nuestra comunidad universitaria clarificara el alcance del trabajo del INEGI, y muestra la ruta para que docentes, estudiantes e investigadores accedan con precisi\u00f3n a los datos que puedan servir en el desarrollo e implementaci\u00f3n de su trabajo acad\u00e9mico\u201d, indic\u00f3.<\/p>\n\n\n\n<p>A su vez, agradeci\u00f3 al INEGI por considerar a la UAT como sede del programa, el cual se implementa en instituciones de educaci\u00f3n superior con el fin de fomentar la cultura estad\u00edstica y geogr\u00e1fica, impulsando la formaci\u00f3n de capacidades t\u00e9cnicas en estudiantes, profesores e investigadores.<\/p>\n\n\n\n<p>En su oportunidad, la Dra. Graciela M\u00e1rquez Colin agradeci\u00f3 a la comunidad de la UAT por haber hecho posible el desarrollo de la C\u00e1tedra: \u201cEl INEGI cuenta con todos ustedes, hemos entablado una relaci\u00f3n muy significativa y esperamos seguir fortaleci\u00e9ndola\u201d, a\u00f1adi\u00f3.<\/p>\n\n\n\n<p>Sostuvo que el programa est\u00e1 enfocado al sector acad\u00e9mico, particularmente a universidades p\u00fablicas y privadas: \u201cHay un compromiso del INEGI por acercarse a los j\u00f3venes y acercarles la informaci\u00f3n, porque la informaci\u00f3n no solo los va a ayudar para sus investigaciones, sino tambi\u00e9n a ser mejores ciudadanos\u201d, asent\u00f3.<\/p>\n\n\n\n<p>Explic\u00f3 que a trav\u00e9s del programa se ofrecieron 12 sesiones, impartidas de septiembre a noviembre de 2022, en modalidad presencial y virtual para la comunidad de la UAT, con transmisi\u00f3n para todas las instituciones de educaci\u00f3n superior del pa\u00eds.<\/p>\n\n\n\n<p>En el evento estuvieron acompa\u00f1ando, por la UAT, el Dr. Jes\u00fas Gerardo Delgado Rivas, director de la Facultad de Comercio y Administraci\u00f3n Victoria, y la Dra. Mariana Zer\u00f3n F\u00e9lix, secretaria de Investigaci\u00f3n y Posgrado; y por el INEGI, la Dra. Julieta Brambila Ram\u00edrez, directora general de Comunicaci\u00f3n, Servicio P\u00fablico de Informaci\u00f3n y Relaciones Institucionales.<\/p>\n","protected":false},"excerpt":{"rendered":"\u00b7 El diputado Erasmo Gonz\u00e1lez Robledo destac\u00f3 que el apoyo de la UAT en la difusi\u00f3n de la C\u00e1tedra INEGI contribuye a crear conciencia sobre la importancia del trabajo estad\u00edstico para la generaci\u00f3n de pol\u00edticas p\u00fablicas en el pa\u00eds. Al participar en la clausura de la vig\u00e9sima sexta C\u00e1tedra del Instituto Nacional de Estad\u00edstica y","protected":false},"author":1,"featured_media":1471,"comment_status":"open","ping_status":"open","sticky":false,"template":"","format":"standard","meta":{"_monsterinsights_skip_tracking":false,"_monsterinsights_sitenote_active":false,"_monsterinsights_sitenote_note":"","_monsterinsights_sitenote_category":0,"footnotes":""},"categories":[3],"tags":[],"class_list":["post-1470","post","type-post","status-publish","format-standard","has-post-thumbnail","hentry","category-noticias"],"aioseo_notices":[],"amp_enabled":true,"_links":{"self":[{"href":"https:\/\/tamaulipasmiregion.com\/index.php?rest_route=\/wp\/v2\/posts\/1470","targetHints":{"allow":["GET"]}}],"collection":[{"href":"https:\/\/tamaulipasmiregion.com\/index.php?rest_route=\/wp\/v2\/posts"}],"about":[{"href":"https:\/\/tamaulipasmiregion.com\/index.php?rest_route=\/wp\/v2\/types\/post"}],"author":[{"embeddable":true,"href":"https:\/\/tamaulipasmiregion.com\/index.php?rest_route=\/wp\/v2\/users\/1"}],"replies":[{"embeddable":true,"href":"https:\/\/tamaulipasmiregion.com\/index.php?rest_route=%2Fwp%2Fv2%2Fcomments&post=1470"}],"version-history":[{"count":1,"href":"https:\/\/tamaulipasmiregion.com\/index.php?rest_route=\/wp\/v2\/posts\/1470\/revisions"}],"predecessor-version":[{"id":1472,"href":"https:\/\/tamaulipasmiregion.com\/index.php?rest_route=\/wp\/v2\/posts\/1470\/revisions\/1472"}],"wp:featuredmedia":[{"embeddable":true,"href":"https:\/\/tamaulipasmiregion.com\/index.php?rest_route=\/wp\/v2\/media\/1471"}],"wp:attachment":[{"href":"https:\/\/tamaulipasmiregion.com\/index.php?rest_route=%2Fwp%2Fv2%2Fmedia&parent=1470"}],"wp:term":[{"taxonomy":"category","embeddable":true,"href":"https:\/\/tamaulipasmiregion.com\/index.php?rest_route=%2Fwp%2Fv2%2Fcategories&post=1470"},{"taxonomy":"post_tag","embeddable":true,"href":"https:\/\/tamaulipasmiregion.com\/index.php?rest_route=%2Fwp%2Fv2%2Ftags&post=1470"}],"curies":[{"name":"wp","href":"https:\/\/api.w.org\/{rel}","templated":true}]}}