{"id":1484,"date":"2022-12-06T19:44:28","date_gmt":"2022-12-06T19:44:28","guid":{"rendered":"https:\/\/tamaulipasmiregion.com\/?p=1484"},"modified":"2023-01-10T19:44:43","modified_gmt":"2023-01-10T19:44:43","slug":"el-gobierno-y-la-uat-unen-fuerzas-para-la-transformacion-de-tamaulipas","status":"publish","type":"post","link":"https:\/\/tamaulipasmiregion.com\/?p=1484","title":{"rendered":"El Gobierno y la UAT unen fuerzas para la transformaci\u00f3n de Tamaulipas"},"content":{"rendered":"\n<p>En el marco del 72 aniversario de la UAT, el gobernador Am\u00e9rico Villarreal Anaya y el rector Guillermo Mendoza Cavazos firman convenio para impulsar la generaci\u00f3n de proyectos en beneficio de la poblaci\u00f3n.<\/p>\n\n\n\n<p>Como parte de las actividades para conmemorar el 72 aniversario de la Universidad Aut\u00f3noma de Tamaulipas (UAT), el gobernador, Dr. Am\u00e9rico Villarreal Anaya, y el rector, C. P. Guillermo Mendoza Cavazos, firmaron un convenio de colaboraci\u00f3n que, en el marco de las relaciones entre el Gobierno de Tamaulipas y la UAT, dar\u00e1 un nuevo impulso a la generaci\u00f3n de programas y proyectos en beneficio de la comunidad y el desarrollo de la entidad.<\/p>\n\n\n\n<p>En su visita a la casa de estudios, el Dr. Am\u00e9rico Villarreal presidi\u00f3 la ceremonia de honores a la Bandera y la apertura de la nueva plazoleta c\u00edvica de la Universidad, adem\u00e1s del festejo por el 72 aniversario de la UAT ante miles de estudiantes quienes le brindaron una emotiva bienvenida en el Gimnasio Multidisciplinario del Centro Universitario de Victoria.<\/p>\n\n\n\n<p>En ese contexto se llev\u00f3 a cabo la firma del convenio marco de colaboraci\u00f3n, donde Villarreal Anaya hizo patente el respaldo al trabajo acad\u00e9mico y cient\u00edfico de la UAT.<\/p>\n\n\n\n<p>Dijo que la firma del acuerdo busca fortalecer la formaci\u00f3n universitaria y preparar a los ciudadanos para los retos futuros.<\/p>\n\n\n\n<p>Asimismo, conmin\u00f3 a la comunidad acad\u00e9mica y estudiantil a estar atenta al conocimiento que se genera cotidianamente en el mundo. Resalt\u00f3 la pertinencia de la informaci\u00f3n que se debe trasmitir a quienes est\u00e1n en la etapa de formaci\u00f3n universitaria \u201cpara que sus conocimientos est\u00e9n al d\u00eda y participando activamente en las soluciones de los problemas que nos aquejan como sociedad\u201d.<\/p>\n\n\n\n<p>Se\u00f1al\u00f3 que existen retos muy puntuales en el estado en sectores como el agropecuario o el comercio internacional, donde Tamaulipas debe jugar un papel protagonista, apoyado en las futuras generaciones.<\/p>\n\n\n\n<p>\u201cYo me comprometo hoy, aqu\u00ed, con ustedes, en este emotivo evento y despu\u00e9s de ver esta historia tan pr\u00f3diga, de crecimiento y de avance, en estos 72 a\u00f1os de esta hermosa casa de estudios, para que todos los aqu\u00ed presentes formemos parte en este momento hist\u00f3rico, de una coyuntura en que creamos una nueva forma de llevar las cosas a trav\u00e9s de nuestra Universidad\u201d, indic\u00f3.<\/p>\n\n\n\n<p>\u201cCuenten irrestrictamente con el apoyo del Gobierno del Estado para poder seguir avanzando y triunfando en lo que necesitamos en nuestra casa acad\u00e9mica, para los retos que est\u00e1n por enfrentar las nuevas generaciones de tamaulipecos y de tamaulipecas\u201d, expres\u00f3.<\/p>\n\n\n\n<p>Puntualiz\u00f3 tambi\u00e9n que con ese esfuerzo conjunto se dejar\u00e1 huella, privilegiando los m\u00e1s altos est\u00e1ndares de calidad acad\u00e9mica, pero, sobre todo, educando a los j\u00f3venes con los valores: \u201cverdad, belleza y probidad\u201d.<\/p>\n\n\n\n<p>Por su parte, Mendoza Cavazos agradeci\u00f3 al gobernador por su disposici\u00f3n para compartir ese momento hist\u00f3rico y por apoyar los proyectos de la UAT, que tendr\u00e1n un mayor impacto en la sociedad, de la mano de las secretar\u00edas y dependencias de su administraci\u00f3n.<\/p>\n\n\n\n<p>Explic\u00f3 que el convenio formaliza las acciones en materia de investigaci\u00f3n aplicada y, con ello, se reforzar\u00e1n proyectos en materia de salud y trabajos dirigidos a la productividad del agro.<\/p>\n\n\n\n<p>Asimismo, destac\u00f3 la participaci\u00f3n del mandatario en el aniversario de la UAT, luego de subrayar que comienza un nuevo cap\u00edtulo en la historia de la Universidad, cuna de logros y metas, de retos y oportunidades: \u201cSe\u00f1or gobernador, cuente usted con la Universidad Aut\u00f3noma de Tamaulipas como su mejor aliada\u201d, concluy\u00f3.&nbsp;<\/p>\n","protected":false},"excerpt":{"rendered":"En el marco del 72 aniversario de la UAT, el gobernador Am\u00e9rico Villarreal Anaya y el rector Guillermo Mendoza Cavazos firman convenio para impulsar la generaci\u00f3n de proyectos en beneficio de la poblaci\u00f3n. Como parte de las actividades para conmemorar el 72 aniversario de la Universidad Aut\u00f3noma de Tamaulipas (UAT), el gobernador, Dr. Am\u00e9rico Villarreal","protected":false},"author":1,"featured_media":1485,"comment_status":"open","ping_status":"open","sticky":false,"template":"","format":"standard","meta":{"_monsterinsights_skip_tracking":false,"_monsterinsights_sitenote_active":false,"_monsterinsights_sitenote_note":"","_monsterinsights_sitenote_category":0,"footnotes":""},"categories":[3],"tags":[],"class_list":["post-1484","post","type-post","status-publish","format-standard","has-post-thumbnail","hentry","category-noticias"],"aioseo_notices":[],"amp_enabled":true,"_links":{"self":[{"href":"https:\/\/tamaulipasmiregion.com\/index.php?rest_route=\/wp\/v2\/posts\/1484","targetHints":{"allow":["GET"]}}],"collection":[{"href":"https:\/\/tamaulipasmiregion.com\/index.php?rest_route=\/wp\/v2\/posts"}],"about":[{"href":"https:\/\/tamaulipasmiregion.com\/index.php?rest_route=\/wp\/v2\/types\/post"}],"author":[{"embeddable":true,"href":"https:\/\/tamaulipasmiregion.com\/index.php?rest_route=\/wp\/v2\/users\/1"}],"replies":[{"embeddable":true,"href":"https:\/\/tamaulipasmiregion.com\/index.php?rest_route=%2Fwp%2Fv2%2Fcomments&post=1484"}],"version-history":[{"count":1,"href":"https:\/\/tamaulipasmiregion.com\/index.php?rest_route=\/wp\/v2\/posts\/1484\/revisions"}],"predecessor-version":[{"id":1486,"href":"https:\/\/tamaulipasmiregion.com\/index.php?rest_route=\/wp\/v2\/posts\/1484\/revisions\/1486"}],"wp:featuredmedia":[{"embeddable":true,"href":"https:\/\/tamaulipasmiregion.com\/index.php?rest_route=\/wp\/v2\/media\/1485"}],"wp:attachment":[{"href":"https:\/\/tamaulipasmiregion.com\/index.php?rest_route=%2Fwp%2Fv2%2Fmedia&parent=1484"}],"wp:term":[{"taxonomy":"category","embeddable":true,"href":"https:\/\/tamaulipasmiregion.com\/index.php?rest_route=%2Fwp%2Fv2%2Fcategories&post=1484"},{"taxonomy":"post_tag","embeddable":true,"href":"https:\/\/tamaulipasmiregion.com\/index.php?rest_route=%2Fwp%2Fv2%2Ftags&post=1484"}],"curies":[{"name":"wp","href":"https:\/\/api.w.org\/{rel}","templated":true}]}}