{"id":1564,"date":"2023-02-28T04:48:16","date_gmt":"2023-02-28T04:48:16","guid":{"rendered":"https:\/\/tamaulipasmiregion.com\/?p=1564"},"modified":"2023-03-02T04:49:13","modified_gmt":"2023-03-02T04:49:13","slug":"convoca-uat-a-ingresar-a-la-maestria-en-direccion-empresarial","status":"publish","type":"post","link":"https:\/\/tamaulipasmiregion.com\/?p=1564","title":{"rendered":"Convoca UAT a ingresar a la Maestr\u00eda en Direcci\u00f3n Empresarial"},"content":{"rendered":"\n<p>La Facultad de Comercio y Administraci\u00f3n Victoria (FCAV) de la Universidad Aut\u00f3noma de Tamaulipas (UAT) inform\u00f3 que se encuentra abierto el proceso de admisi\u00f3n de la Maestr\u00eda en Direcci\u00f3n Empresarial, y tiene como fecha l\u00edmite el pr\u00f3ximo 21 de abril para la recepci\u00f3n de documentos.<br>Por su parte, el Dr. Eduardo Arango Herrera, coordinador de la maestr\u00eda, inform\u00f3 que el programa tiene como prop\u00f3sito promover la formaci\u00f3n de profesionales con los m\u00e1s altos est\u00e1ndares de calidad, adem\u00e1s de que cuenta con la acreditaci\u00f3n en el Sistema Nacional de Posgrados del Consejo Nacional de Ciencia y Tecnolog\u00eda (CONACYT).<br>Dijo que los profesionistas interesados en ingresar pueden solicitar su prerregistro, para posteriormente, y de acuerdo con la convocatoria 2023, realizar los procedimientos de selecci\u00f3n de aspirantes.<br>Coment\u00f3 que la maestr\u00eda se ofrece con \u00e9nfasis en las siguientes especialidades: Administraci\u00f3n Estrat\u00e9gica, Finanzas, Mercadotecnia, Recursos Humanos, Sistemas y Negocios Electr\u00f3nicos.<br>Apunt\u00f3 que el programa est\u00e1 escolarizado, con dedicaci\u00f3n de tiempo completo, y dentro de sus objetivos favorece el desarrollo de habilidades y conocimientos gerenciales, basados en la responsabilidad social y \u00e9tica.<br>De igual manera, destac\u00f3 que, luego de la pandemia, ha vuelto a ser totalmente presencial, pero algunas clases de profesores extranjeros se dan de forma virtual, debido a que ayuda a los estudiantes a tener una perspectiva m\u00e1s amplia de su campo de trabajo.<\/p>\n\n\n\n<p>Sostuvo que la maestr\u00eda est\u00e1 dirigida a profesionales del \u00e1rea econ\u00f3mico-administrativa, pero puede ingresar cualquier perfil, siempre y cuando le interese alguno de los \u00e9nfasis del posgrado.<br>\u201cNos enfocamos a la cuesti\u00f3n empresarial para dar una perspectiva, una visi\u00f3n diferente hacia una empresa, o bien la parte de emprendimiento\u201d, indic\u00f3.<br>Los interesados en formar parte de la Maestr\u00eda en Direcci\u00f3n Empresarial deben acudir a la Divisi\u00f3n de Estudios de Posgrado de la FCAV y, para mayores informes, pueden comunicarse al tel\u00e9fono 834 318 1800, extensi\u00f3n 2431, o al correo electr\u00f3nico: earango@docentes.uat.edu.mx .<br>Cabe se\u00f1alar que el programa cuenta con estudiantes de intercambio, como es el caso de Paulina Tovar Tirado, quien proviene de Colombia. En entrevista, la estudiante destac\u00f3 la oportunidad que ofrece la UAT a estudiantes extranjeros, y que el apoyo de los profesores ha sido muy importante para su adaptaci\u00f3n en M\u00e9xico.<br>Se\u00f1al\u00f3 que su inter\u00e9s es la Administraci\u00f3n Estrat\u00e9gica, porque permite al profesional contar con una perspectiva de la empresa y usar las oportunidades y amenazas que se presentan en el mercado, para impactar positivamente en la organizaci\u00f3n.<br>Por su parte, la estudiante Fernanda Medina coment\u00f3 que se trata de un posgrado muy exigente, que cuenta con profesores con mucha experiencia, lo cual, dijo, enriquece las clases. \u201cEs un programa integral, nos ofrece experiencia en el \u00e1mbito empresarial a trav\u00e9s de un proyecto de intervenci\u00f3n de las empresas, y la especializaci\u00f3n que dan los \u00e9nfasis es interesante\u201d, puntualiz\u00f3.<\/p>\n","protected":false},"excerpt":{"rendered":"La Facultad de Comercio y Administraci\u00f3n Victoria (FCAV) de la Universidad Aut\u00f3noma de Tamaulipas (UAT) inform\u00f3 que se encuentra abierto el proceso de admisi\u00f3n de la Maestr\u00eda en Direcci\u00f3n Empresarial, y tiene como fecha l\u00edmite el pr\u00f3ximo 21 de abril para la recepci\u00f3n de documentos.Por su parte, el Dr. Eduardo Arango Herrera, coordinador de la","protected":false},"author":1,"featured_media":1565,"comment_status":"open","ping_status":"open","sticky":false,"template":"","format":"standard","meta":{"_monsterinsights_skip_tracking":false,"_monsterinsights_sitenote_active":false,"_monsterinsights_sitenote_note":"","_monsterinsights_sitenote_category":0,"footnotes":""},"categories":[3],"tags":[],"class_list":["post-1564","post","type-post","status-publish","format-standard","has-post-thumbnail","hentry","category-noticias"],"aioseo_notices":[],"amp_enabled":true,"_links":{"self":[{"href":"https:\/\/tamaulipasmiregion.com\/index.php?rest_route=\/wp\/v2\/posts\/1564","targetHints":{"allow":["GET"]}}],"collection":[{"href":"https:\/\/tamaulipasmiregion.com\/index.php?rest_route=\/wp\/v2\/posts"}],"about":[{"href":"https:\/\/tamaulipasmiregion.com\/index.php?rest_route=\/wp\/v2\/types\/post"}],"author":[{"embeddable":true,"href":"https:\/\/tamaulipasmiregion.com\/index.php?rest_route=\/wp\/v2\/users\/1"}],"replies":[{"embeddable":true,"href":"https:\/\/tamaulipasmiregion.com\/index.php?rest_route=%2Fwp%2Fv2%2Fcomments&post=1564"}],"version-history":[{"count":1,"href":"https:\/\/tamaulipasmiregion.com\/index.php?rest_route=\/wp\/v2\/posts\/1564\/revisions"}],"predecessor-version":[{"id":1566,"href":"https:\/\/tamaulipasmiregion.com\/index.php?rest_route=\/wp\/v2\/posts\/1564\/revisions\/1566"}],"wp:featuredmedia":[{"embeddable":true,"href":"https:\/\/tamaulipasmiregion.com\/index.php?rest_route=\/wp\/v2\/media\/1565"}],"wp:attachment":[{"href":"https:\/\/tamaulipasmiregion.com\/index.php?rest_route=%2Fwp%2Fv2%2Fmedia&parent=1564"}],"wp:term":[{"taxonomy":"category","embeddable":true,"href":"https:\/\/tamaulipasmiregion.com\/index.php?rest_route=%2Fwp%2Fv2%2Fcategories&post=1564"},{"taxonomy":"post_tag","embeddable":true,"href":"https:\/\/tamaulipasmiregion.com\/index.php?rest_route=%2Fwp%2Fv2%2Ftags&post=1564"}],"curies":[{"name":"wp","href":"https:\/\/api.w.org\/{rel}","templated":true}]}}