{"id":1627,"date":"2023-05-07T09:43:00","date_gmt":"2023-05-07T09:43:00","guid":{"rendered":"https:\/\/tamaulipasmiregion.com\/?p=1627"},"modified":"2023-06-07T21:48:57","modified_gmt":"2023-06-07T21:48:57","slug":"el-rector-de-la-universidad-autonoma-de-tamaulipas-uat-c-p-guillermo-mendoza-cavazos-puso-en-marcha-en-reynosa-la-feria-universitaria-del-libro-ful-uat-2023","status":"publish","type":"post","link":"https:\/\/tamaulipasmiregion.com\/?p=1627","title":{"rendered":"El rector de la Universidad Aut\u00f3noma de Tamaulipas (UAT), C.P. Guillermo Mendoza Cavazos, puso en marcha en Reynosa la Feria Universitaria del Libro (FUL UAT) 2023"},"content":{"rendered":"\n<p> <\/p>\n\n\n\n<p><\/p>\n\n\n\n<p> <\/p>\n\n\n\n<p>En el inicio de la FUL UAT, que tiene como sede el Gimnasio Multidisciplinario de Reynosa, el rector <a><\/a>Guillermo Mendoza Cavazos estuvo acompa\u00f1ado del representante del gobernador Dr. Am\u00e9rico Villarreal Anaya, el director general del Colegio de Bachilleres de Tamaulipas, Dr. Rub\u00e9n Ely Ram\u00edrez Rivas, as\u00ed como del Dr. Oscar Aguilera Rodr\u00edguez, presidente del Consejo Consultivo de Instituciones de Educaci\u00f3n Superior en esta ciudad fronteriza.<\/p>\n\n\n\n<p>En su mensaje inaugural, el C.P. Mendoza Cavazos refiri\u00f3 que la primera edici\u00f3n de la FUL se realiz\u00f3 con mucho \u00e9xito en Tampico en el 2022, y con la idea llevar este proyecto a cuatro diferentes zonas del estado esperando contribuir al fomento de un h\u00e1bito tan importante como es la lectura.<\/p>\n\n\n\n<p>En ese contexto, se\u00f1al\u00f3 que la FUL 2023 se llev\u00f3 a cabo en Ciudad Victoria del 22 al 30 de abril, la siguiente fase inicia el d\u00eda de hoy en Reynosa del 6 al 14 de mayo, y posteriormente se contempla realizar en Nuevo Laredo del 26 de agosto al 3 de septiembre en Nuevo Laredo, para cerrar en octubre en el Campus Tampico.<\/p>\n\n\n\n<p>\u201cEste es un espacio que se genera con toda la intenci\u00f3n y en sinergia con instituciones de educaci\u00f3n superior de la zona, con el Gobierno del Estado y con el Gobierno Municipal\u201d, indic\u00f3.<\/p>\n\n\n\n<p>\u201cSe trata de difundir la lectura a trav\u00e9s de un entorno cultural, que contempla actividades como: grupos musicales y torneos gamers. Tambi\u00e9n habr\u00e1 exposici\u00f3n de comics, din\u00e1micas para ni\u00f1os, adem\u00e1s la oferta educativa de las universidades de Reynosa\u201d, asent\u00f3.<\/p>\n\n\n\n<p>Subray\u00f3 que, adem\u00e1s, se programaron foros, presentaciones de libros, pl\u00e1ticas y conferencias, para poder difundir la lectura con la participaci\u00f3n de 19 editoriales que son la base de la feria.<\/p>\n\n\n\n<p>Asever\u00f3 que la UAT, como instituci\u00f3n de educaci\u00f3n superior es responsable de generar este tipo de espacios de divulgaci\u00f3n de la lectura, la cultura y de las diferentes expresiones, con el firme prop\u00f3sito de sembrar esa semilla en la comunidad en general.<\/p>\n\n\n\n<p>Por su parte, el Dr. Rub\u00e9n Ely Ram\u00edrez Rivas, llev\u00f3 el mensaje del gobernador de Tamaulipas, Dr. Am\u00e9rico Villarreal Anaya, y felicit\u00f3 a la UAT por el esfuerzo de organizar en Reynosa una actividad como la FUL que promueve la lectura y las artes.<\/p>\n\n\n\n<p>\u201cEsta feria es una diccionario abierto para encontrar muchas respuestas, gracias rector Guillermo Mendoza Cavazos, por el impulso sostenido a un trabajo en unidad, por las acciones para difundir la cultura y promover los valores, identificar las oportunidades de posesionar la lectura como un h\u00e1bito y estimular desde la infancia este h\u00e1bito\u201d, se\u00f1al\u00f3.<\/p>\n\n\n\n<p>Cabe se\u00f1alar que en el evento acompa\u00f1aron al rector, el Mtro. Mauricio Pimentel Torres, secretario de Vinculaci\u00f3n de la UAT y presidente de la FUL, as\u00ed como directoras y directores de las facultades y unidades acad\u00e9micas de la zona norte de la UAT, entre otras autoridades.<\/p>\n","protected":false},"excerpt":{"rendered":"En el inicio de la FUL UAT, que tiene como sede el Gimnasio Multidisciplinario de Reynosa, el rector Guillermo Mendoza Cavazos estuvo acompa\u00f1ado del representante del gobernador Dr. Am\u00e9rico Villarreal Anaya, el director general del Colegio de Bachilleres de Tamaulipas, Dr. Rub\u00e9n Ely Ram\u00edrez Rivas, as\u00ed como del Dr. Oscar Aguilera Rodr\u00edguez, presidente del Consejo","protected":false},"author":1,"featured_media":0,"comment_status":"open","ping_status":"open","sticky":false,"template":"","format":"standard","meta":{"_monsterinsights_skip_tracking":false,"_monsterinsights_sitenote_active":false,"_monsterinsights_sitenote_note":"","_monsterinsights_sitenote_category":0,"footnotes":""},"categories":[3],"tags":[],"class_list":["post-1627","post","type-post","status-publish","format-standard","hentry","category-noticias"],"aioseo_notices":[],"amp_enabled":true,"_links":{"self":[{"href":"https:\/\/tamaulipasmiregion.com\/index.php?rest_route=\/wp\/v2\/posts\/1627","targetHints":{"allow":["GET"]}}],"collection":[{"href":"https:\/\/tamaulipasmiregion.com\/index.php?rest_route=\/wp\/v2\/posts"}],"about":[{"href":"https:\/\/tamaulipasmiregion.com\/index.php?rest_route=\/wp\/v2\/types\/post"}],"author":[{"embeddable":true,"href":"https:\/\/tamaulipasmiregion.com\/index.php?rest_route=\/wp\/v2\/users\/1"}],"replies":[{"embeddable":true,"href":"https:\/\/tamaulipasmiregion.com\/index.php?rest_route=%2Fwp%2Fv2%2Fcomments&post=1627"}],"version-history":[{"count":1,"href":"https:\/\/tamaulipasmiregion.com\/index.php?rest_route=\/wp\/v2\/posts\/1627\/revisions"}],"predecessor-version":[{"id":1630,"href":"https:\/\/tamaulipasmiregion.com\/index.php?rest_route=\/wp\/v2\/posts\/1627\/revisions\/1630"}],"wp:attachment":[{"href":"https:\/\/tamaulipasmiregion.com\/index.php?rest_route=%2Fwp%2Fv2%2Fmedia&parent=1627"}],"wp:term":[{"taxonomy":"category","embeddable":true,"href":"https:\/\/tamaulipasmiregion.com\/index.php?rest_route=%2Fwp%2Fv2%2Fcategories&post=1627"},{"taxonomy":"post_tag","embeddable":true,"href":"https:\/\/tamaulipasmiregion.com\/index.php?rest_route=%2Fwp%2Fv2%2Ftags&post=1627"}],"curies":[{"name":"wp","href":"https:\/\/api.w.org\/{rel}","templated":true}]}}