{"id":1646,"date":"2023-06-07T20:33:28","date_gmt":"2023-06-07T20:33:28","guid":{"rendered":"https:\/\/tamaulipasmiregion.com\/?p=1646"},"modified":"2023-06-08T03:33:53","modified_gmt":"2023-06-08T03:33:53","slug":"1646","status":"publish","type":"post","link":"https:\/\/tamaulipasmiregion.com\/?p=1646","title":{"rendered":"Inicia repoblamiento de lobina negra en la Presa \u00abVicente Guerrero\u00bb"},"content":{"rendered":"\n<h3 class=\"wp-block-heading\"><\/h3>\n\n\n\n<h1 class=\"wp-block-heading\"><\/h1>\n\n\n\n<p> <\/p>\n\n\n\n<p>Ciudad Victoria, Tamaulipas. \u2013 Cumpliendo con la instrucci\u00f3n del gobernador, Am\u00e9rico Villarreal Anaya de llevar el pacto social a cada sector, el secretario de Pesca y Acuacultura de Tamaulipas, Juan Jes\u00fas Hern\u00e1ndez Torres llev\u00f3 a cabo el inicio del repoblamiento de lobina negra en la Presa \u201cVicente Guerrero\u201d, gracias a la donaci\u00f3n del Patronato Lake Guerrero en un trabajo colaborativo, formando parte de los proyectos estrat\u00e9gicos del Plan Estatal de Desarrollo.<\/p>\n\n\n\n<p>Fueron 4 mil 500 alevines de lobina negra los que fueron liberados ante la presencia de autoridades de la Secretar\u00eda de Marina, Comisi\u00f3n de Caza y Pesca, presidentes de municipios que convergen a la Presa \u201cVicente Guerrero\u201d y cooperativistas, cuyo objetivo es unificar la riqueza natural con la que cuenta Tamaulipas.<\/p>\n\n\n\n<p>Cabe hacer menci\u00f3n que 500 alevines iniciaron el proceso para convertirse en reproductores, un trabajo colaborativo de bi\u00f3logos, ocean\u00f3logos e ingenieros acu\u00edcolas de la Universidad Tecnol\u00f3gica del Mar de Tamaulipas Bicentenario y de la Secretar\u00eda de Pesca y Acuacultura, para tener en un futuro los primeros reproductores de lobina negra en Tamaulipas.<\/p>\n\n\n\n<p>El inicio del repoblamiento de especies en aguas interiores, significa una gran oportunidad de crecimiento para detonar al sector pesquero y acu\u00edcola, as\u00ed como el impulso a la pesca deportiva como detonante tur\u00edstico y econ\u00f3mico en la entidad<\/p>\n","protected":false},"excerpt":{"rendered":"Ciudad Victoria, Tamaulipas. \u2013 Cumpliendo con la instrucci\u00f3n del gobernador, Am\u00e9rico Villarreal Anaya de llevar el pacto social a cada sector, el secretario de Pesca y Acuacultura de Tamaulipas, Juan Jes\u00fas Hern\u00e1ndez Torres llev\u00f3 a cabo el inicio del repoblamiento de lobina negra en la Presa \u201cVicente Guerrero\u201d, gracias a la donaci\u00f3n del Patronato Lake","protected":false},"author":1,"featured_media":1647,"comment_status":"open","ping_status":"open","sticky":false,"template":"","format":"standard","meta":{"_monsterinsights_skip_tracking":false,"_monsterinsights_sitenote_active":false,"_monsterinsights_sitenote_note":"","_monsterinsights_sitenote_category":0,"footnotes":""},"categories":[3],"tags":[],"class_list":["post-1646","post","type-post","status-publish","format-standard","has-post-thumbnail","hentry","category-noticias"],"aioseo_notices":[],"amp_enabled":true,"_links":{"self":[{"href":"https:\/\/tamaulipasmiregion.com\/index.php?rest_route=\/wp\/v2\/posts\/1646","targetHints":{"allow":["GET"]}}],"collection":[{"href":"https:\/\/tamaulipasmiregion.com\/index.php?rest_route=\/wp\/v2\/posts"}],"about":[{"href":"https:\/\/tamaulipasmiregion.com\/index.php?rest_route=\/wp\/v2\/types\/post"}],"author":[{"embeddable":true,"href":"https:\/\/tamaulipasmiregion.com\/index.php?rest_route=\/wp\/v2\/users\/1"}],"replies":[{"embeddable":true,"href":"https:\/\/tamaulipasmiregion.com\/index.php?rest_route=%2Fwp%2Fv2%2Fcomments&post=1646"}],"version-history":[{"count":2,"href":"https:\/\/tamaulipasmiregion.com\/index.php?rest_route=\/wp\/v2\/posts\/1646\/revisions"}],"predecessor-version":[{"id":1655,"href":"https:\/\/tamaulipasmiregion.com\/index.php?rest_route=\/wp\/v2\/posts\/1646\/revisions\/1655"}],"wp:featuredmedia":[{"embeddable":true,"href":"https:\/\/tamaulipasmiregion.com\/index.php?rest_route=\/wp\/v2\/media\/1647"}],"wp:attachment":[{"href":"https:\/\/tamaulipasmiregion.com\/index.php?rest_route=%2Fwp%2Fv2%2Fmedia&parent=1646"}],"wp:term":[{"taxonomy":"category","embeddable":true,"href":"https:\/\/tamaulipasmiregion.com\/index.php?rest_route=%2Fwp%2Fv2%2Fcategories&post=1646"},{"taxonomy":"post_tag","embeddable":true,"href":"https:\/\/tamaulipasmiregion.com\/index.php?rest_route=%2Fwp%2Fv2%2Ftags&post=1646"}],"curies":[{"name":"wp","href":"https:\/\/api.w.org\/{rel}","templated":true}]}}