{"id":1650,"date":"2023-06-07T19:24:00","date_gmt":"2023-06-07T19:24:00","guid":{"rendered":"https:\/\/tamaulipasmiregion.com\/?p=1650"},"modified":"2023-06-08T03:32:02","modified_gmt":"2023-06-08T03:32:02","slug":"1650","status":"publish","type":"post","link":"https:\/\/tamaulipasmiregion.com\/?p=1650","title":{"rendered":"Prosperidad inclusiva, sostenible y humanista en Tamaulipas"},"content":{"rendered":"\n<h3 class=\"wp-block-heading\"><br><\/h3>\n\n\n\n<p>Ciudad Victoria, Tamaulipas.- Desde el primero de octubre en Tamaulipas existe un gobierno distinto que viene a servir, a facilitar las cosas para los empresarios y para que entre todas y todos, la transformaci\u00f3n del Estado se exprese en una prosperidad econ\u00f3mica inclusiva, sostenible y con perfil humano, afirm\u00f3 el gobernador Am\u00e9rico Villarreal Anaya, al tomar protesta a las y los integrantes del Consejo Estatal para el Desarrollo Econ\u00f3mico y la Competitividad.<\/p>\n\n\n\n<p>En un evento realizado en el Polyforum Victoria, al cual asisti\u00f3 la secretaria de Desarrollo Econ\u00f3mico Ninfa Cant\u00fa De\u00e1ndar, integrantes del gabinete estatal, alcaldesas y presidentes municipales, legisladores, as\u00ed como las y los presidentes de siete consejos regionales y tras la firma del acta correspondiente a la primera sesi\u00f3n, Villarreal Anaya afirm\u00f3 que Tamaulipas es una gran tierra de oportunidades, desarrollo y ganancias econ\u00f3micas, pero enfatiz\u00f3 que su gobierno apoyar\u00e1 a quienes presenten proyectos con un componente de bienestar social.<\/p>\n\n\n\n<p>\u201cEste gobierno acompa\u00f1ar\u00e1, gestionar\u00e1, ayudar\u00e1, fomentar\u00e1 y meter\u00e1 el hombro, a todo aquel que en su proyecto de desarrollo y de beneficio de empresa, siempre est\u00e9 contemplado que en su interior tiene que llevar el componente del desarrollo y el bienestar social, para que tengamos una sociedad en paz, trabajando, justa y cada vez en mejores condiciones de vida para todos\u201d, enfatiz\u00f3.<\/p>\n\n\n\n<p>El gobernador felicit\u00f3 a las y los integrantes del Consejo y agradeci\u00f3, \u201cla oportunidad de trabajar todos de manera conjunta en el desarrollo econ\u00f3mico de nuestra entidad, buscando que, a trav\u00e9s de ello, llevemos desarrollo y bienestar social, que se traduzca principalmente en mejores salarios y oportunidades para las familias tamaulipecas\u201d.<\/p>\n\n\n\n<p>Villarreal Anaya cit\u00f3 los proyectos estrat\u00e9gicos que se pueden desarrollar desde el punto de vista de las regiones, norte, centro, sur y altiplano de la entidad, entre ellos: la construcci\u00f3n de la Direcci\u00f3n General de Aduanas y 2 cuarteles, uno militar y otro de la Guardia Nacional en Nuevo Laredo, un proyecto de movilidad en Reynosa y la primera planta de fertilizantes de la entidad con una inversi\u00f3n de 350 millones de pesos.<\/p>\n\n\n\n<p>Asimismo, el Puerto del Norte en Matamoros; la apertura de la Barra de la Laguna Madre y la planta de gas licuado en Altamira; la reapertura del ingenio de Xicot\u00e9ncatl, la conclusi\u00f3n de la carretera TAM \u2013 Baj\u00edo, un recinto fiscal estrat\u00e9gico en Victoria y la reparaci\u00f3n del puente de Magueyes y el \u201cPuente Roto\u201d en Altamira.<\/p>\n\n\n\n<p>En su intervenci\u00f3n, la secretaria de Desarrollo Econ\u00f3mico Ninfa Cant\u00fa De\u00e1ndar, afirm\u00f3 que la instalaci\u00f3n de los Consejos Regionales para el Desarrollo Econ\u00f3mico y la Competitividad son una clara expresi\u00f3n de una nueva etapa en la vida institucional y empresarial de Tamaulipas.<\/p>\n\n\n\n<p>\u201cSabemos de las enormes dificultades, que enfrent\u00f3 el sector empresarial tamaulipeco en el pasado, la indiferencia institucional para atender las necesidades de los actores productivos y el abandono de la promoci\u00f3n econ\u00f3mica del estado, pero hoy, bajo el liderazgo del gobernador Am\u00e9rico reactivamos la tarea prioritaria de vincularnos con los sectores productivos para trabajar de cerca y construir agendas comunes\u201d, se\u00f1al\u00f3.<\/p>\n\n\n\n<p>Cant\u00fa De\u00e1ndar destac\u00f3 los 45 proyectos confirmados para establecerse en la entidad, que representan una inversi\u00f3n de 393 millones de d\u00f3lares entre nuevas inversiones y expansiones de las empresas establecidas que generar\u00edan 7 mil 218 nuevos empleos.<\/p>\n\n\n\n<p>En el evento estuvieron presentes Edgar Orfelio Mart\u00ednez Quintanilla, presidente ejecutivo de la regi\u00f3n frontera Nuevo Laredo; Ad\u00e1n Antonio Longoria Pe\u00f1a, de la regi\u00f3n ribere\u00f1a; Omar Elizondo Garc\u00eda, de la regi\u00f3n Reynosa; Jos\u00e9 Antonio Rosas Carmona, de la regi\u00f3n Matamoros; Lourdes De Le\u00f3n Ayala, de la regi\u00f3n centro; Juan Carlos Alfonso Espel Boh\u00f3rquez, de la regi\u00f3n Mante y Jos\u00e9 Luis del \u00c1ngel Sosa, de la regi\u00f3n sur.<\/p>\n\n\n\n<p>Adem\u00e1s se cont\u00f3 con la presencia de los empresarios, Cesar Trevi\u00f1o; Felipe Pearl Zorrilla, presidente de la Consejo Empresarial Mexicano de Comercio Exterior, Inversi\u00f3n y Tecnolog\u00eda A.C; Ra\u00fal Abd\u00f3n Setien Castillo, presidente de la Asociaci\u00f3n de Maquiladoras y Manufactureras de Reynosa y el agente aduanal, Eduardo Garza Robles.<\/p>\n","protected":false},"excerpt":{"rendered":"Ciudad Victoria, Tamaulipas.- Desde el primero de octubre en Tamaulipas existe un gobierno distinto que viene a servir, a facilitar las cosas para los empresarios y para que entre todas y todos, la transformaci\u00f3n del Estado se exprese en una prosperidad econ\u00f3mica inclusiva, sostenible y con perfil humano, afirm\u00f3 el gobernador Am\u00e9rico Villarreal Anaya, al","protected":false},"author":1,"featured_media":1651,"comment_status":"open","ping_status":"open","sticky":false,"template":"","format":"standard","meta":{"_monsterinsights_skip_tracking":false,"_monsterinsights_sitenote_active":false,"_monsterinsights_sitenote_note":"","_monsterinsights_sitenote_category":0,"footnotes":""},"categories":[3],"tags":[],"class_list":["post-1650","post","type-post","status-publish","format-standard","has-post-thumbnail","hentry","category-noticias"],"aioseo_notices":[],"amp_enabled":true,"_links":{"self":[{"href":"https:\/\/tamaulipasmiregion.com\/index.php?rest_route=\/wp\/v2\/posts\/1650","targetHints":{"allow":["GET"]}}],"collection":[{"href":"https:\/\/tamaulipasmiregion.com\/index.php?rest_route=\/wp\/v2\/posts"}],"about":[{"href":"https:\/\/tamaulipasmiregion.com\/index.php?rest_route=\/wp\/v2\/types\/post"}],"author":[{"embeddable":true,"href":"https:\/\/tamaulipasmiregion.com\/index.php?rest_route=\/wp\/v2\/users\/1"}],"replies":[{"embeddable":true,"href":"https:\/\/tamaulipasmiregion.com\/index.php?rest_route=%2Fwp%2Fv2%2Fcomments&post=1650"}],"version-history":[{"count":2,"href":"https:\/\/tamaulipasmiregion.com\/index.php?rest_route=\/wp\/v2\/posts\/1650\/revisions"}],"predecessor-version":[{"id":1653,"href":"https:\/\/tamaulipasmiregion.com\/index.php?rest_route=\/wp\/v2\/posts\/1650\/revisions\/1653"}],"wp:featuredmedia":[{"embeddable":true,"href":"https:\/\/tamaulipasmiregion.com\/index.php?rest_route=\/wp\/v2\/media\/1651"}],"wp:attachment":[{"href":"https:\/\/tamaulipasmiregion.com\/index.php?rest_route=%2Fwp%2Fv2%2Fmedia&parent=1650"}],"wp:term":[{"taxonomy":"category","embeddable":true,"href":"https:\/\/tamaulipasmiregion.com\/index.php?rest_route=%2Fwp%2Fv2%2Fcategories&post=1650"},{"taxonomy":"post_tag","embeddable":true,"href":"https:\/\/tamaulipasmiregion.com\/index.php?rest_route=%2Fwp%2Fv2%2Ftags&post=1650"}],"curies":[{"name":"wp","href":"https:\/\/api.w.org\/{rel}","templated":true}]}}