{"id":1656,"date":"2023-06-07T15:55:00","date_gmt":"2023-06-07T15:55:00","guid":{"rendered":"https:\/\/tamaulipasmiregion.com\/?p=1656"},"modified":"2023-06-08T03:56:32","modified_gmt":"2023-06-08T03:56:32","slug":"1656","status":"publish","type":"post","link":"https:\/\/tamaulipasmiregion.com\/?p=1656","title":{"rendered":"Colegio de Directores de la UAT eval\u00faa avances institucionales\u00a0"},"content":{"rendered":"\n<p>Ciudad Victoria, Tam.; 7 de junio de 2023.&nbsp;<\/p>\n\n\n\n<p><\/p>\n\n\n\n<p>El C. P. Guillermo Mendoza Cavazos, rector de la Universidad Aut\u00f3noma de&nbsp;Tamaulipas (UAT), presidi\u00f3 la decimocuarta reuni\u00f3n del Colegio de Directores, que&nbsp;tuvo como sede la Facultad de Enfermer\u00eda Victoria (FEV); sesi\u00f3n en la que se&nbsp;presentaron los avances que fortalecer\u00e1n los servicios educativos de la m\u00e1xima casa&nbsp;de estudios en la entidad. &nbsp;<\/p>\n\n\n\n<p>En el inicio de los trabajos, y acompa\u00f1ado de la Mtra. Laura Roxana de los&nbsp;Reyes Nieto, directora de la FEV, el rector Guillermo Mendoza reconoci\u00f3 el esfuerzo de&nbsp;la comunidad universitaria, y en especial del claustro docente, por el trabajo que se ha&nbsp;desarrollado y que ha permitido avanzar en los proyectos acad\u00e9micos que se&nbsp;plantearon desde el inicio de su gesti\u00f3n. &nbsp;<\/p>\n\n\n\n<p>Hizo referencia al cumplimiento de metas, como la reforma curricular, y al&nbsp;trabajo colaborativo de directivos, docentes y personal universitario para contribuir&nbsp;en los programas de capacitaci\u00f3n acad\u00e9mica, administrativa y tecnol\u00f3gica que&nbsp;requiere el nuevo modelo educativo de la UAT.&nbsp;<\/p>\n\n\n\n<p>El rector coment\u00f3 que se trabaja en reforzar diferentes temas, entre estos las&nbsp;tutor\u00edas, a las que se pretende hacer m\u00e1s personalizadas y dar un seguimiento m\u00e1s&nbsp;puntual al desarrollo del estudiantado. &nbsp;<\/p>\n\n\n\n<p>Como parte del orden del d\u00eda, expusieron sus respectivas tem\u00e1ticas la&nbsp;secretaria acad\u00e9mica, Dra. Rosa Issel Acosta Gonz\u00e1lez; la secretaria de Gesti\u00f3n Escolar,&nbsp;Dra. Cinthya Patricia Ibarra Gonz\u00e1lez; la secretaria de Investigaci\u00f3n y Posgrado, Dra.&nbsp;Mariana Zer\u00f3n F\u00e9lix, y el secretario general, Dr. Eduardo Arvizu S\u00e1nchez. &nbsp;<\/p>\n\n\n\n<p>Entre otros puntos, se present\u00f3 el informe del Plan de Trabajo Docente 2023-1,&nbsp;en el que se describieron las metas alcanzadas a lo largo de un a\u00f1o de trabajo en&nbsp;materia acad\u00e9mica. &nbsp;<\/p>\n\n\n\n<hr class=\"wp-block-separator has-alpha-channel-opacity\"\/>\n\n\n\n<p><\/p>\n\n\n\n<p>Tambi\u00e9n se abord\u00f3 el nuevo modelo de bachillerato general de la UAT, se dio a&nbsp;conocer el Sistema y Lineamientos de Vida Universitaria y se present\u00f3 el Sistema de&nbsp;Unidades de Ense\u00f1anza-Aprendizaje e Impartici\u00f3n de C\u00e1tedra. &nbsp;<\/p>\n\n\n\n<p>Tambi\u00e9n se dio a conocer la convocatoria del Diplomado de Estrategias&nbsp;Docentes para el Desarrollo de Habilidades Blandas, as\u00ed como la convocatoria del&nbsp;Encuentro UAT denominado \u201cBuenas Pr\u00e1cticas Docentes\u201d. &nbsp;<\/p>\n\n\n\n<p>En la sesi\u00f3n tambi\u00e9n fue presentado un informe de seguimiento al proceso&nbsp;para el nuevo ingreso a las carreras que oferta la UAT, adem\u00e1s del procedimiento del&nbsp;Sistema de Aspirantes y la apertura del nuevo modelo operativo de gesti\u00f3n escolar.&nbsp;<\/p>\n\n\n\n<p><strong>Visita y recorrido por instalaciones de la Facultad de Enfermer\u00eda Victoria&nbsp;<\/strong><\/p>\n\n\n\n<p>Antes de iniciar la reuni\u00f3n del Colegio de Directores, el rector Guillermo&nbsp;Mendoza Cavazos encabez\u00f3 un recorrido por las instalaciones de la Facultad de&nbsp;Enfermer\u00eda Victoria, donde constat\u00f3 los avances de la cancha de usos m\u00faltiples y&nbsp;espacios deportivos.&nbsp;<\/p>\n\n\n\n<p>De igual manera, y acompa\u00f1ado por titulares de las veintis\u00e9is dependencias&nbsp;acad\u00e9micas que conforman el cuerpo colegiado de directores, sostuvo un encuentro&nbsp;con estudiantes del plantel, adem\u00e1s de constatar el funcionamiento de la Unidad de&nbsp;Atenci\u00f3n Integral de Enfermer\u00eda. &nbsp;<\/p>\n\n\n\n<hr class=\"wp-block-separator has-alpha-channel-opacity\"\/>\n\n\n\n<p><\/p>\n\n\n\n<p><\/p>\n\n\n\n<p><\/p>\n\n\n\n<p>&nbsp;<\/p>\n\n\n\n<p><\/p>\n\n\n\n<p>&nbsp;<\/p>\n\n\n\n<p><\/p>\n\n\n\n<p> &nbsp;<\/p>\n\n\n\n<p> &nbsp;<\/p>\n\n\n\n<hr class=\"wp-block-separator has-alpha-channel-opacity\"\/>\n\n\n\n<p><\/p>\n\n\n\n<p><\/p>\n\n\n\n<p><\/p>\n\n\n\n<p>&nbsp;<\/p>\n\n\n\n<p><\/p>\n\n\n\n<p><\/p>\n\n\n\n<p><\/p>\n\n\n\n<hr class=\"wp-block-separator has-alpha-channel-opacity\"\/>\n","protected":false},"excerpt":{"rendered":"Ciudad Victoria, Tam.; 7 de junio de 2023.&nbsp; El C. P. Guillermo Mendoza Cavazos, rector de la Universidad Aut\u00f3noma de&nbsp;Tamaulipas (UAT), presidi\u00f3 la decimocuarta reuni\u00f3n del Colegio de Directores, que&nbsp;tuvo como sede la Facultad de Enfermer\u00eda Victoria (FEV); sesi\u00f3n en la que se&nbsp;presentaron los avances que fortalecer\u00e1n los servicios educativos de la m\u00e1xima casa&nbsp;de estudios","protected":false},"author":1,"featured_media":1657,"comment_status":"open","ping_status":"open","sticky":false,"template":"","format":"standard","meta":{"_monsterinsights_skip_tracking":false,"_monsterinsights_sitenote_active":false,"_monsterinsights_sitenote_note":"","_monsterinsights_sitenote_category":0,"footnotes":""},"categories":[3],"tags":[],"class_list":["post-1656","post","type-post","status-publish","format-standard","has-post-thumbnail","hentry","category-noticias"],"aioseo_notices":[],"amp_enabled":true,"_links":{"self":[{"href":"https:\/\/tamaulipasmiregion.com\/index.php?rest_route=\/wp\/v2\/posts\/1656","targetHints":{"allow":["GET"]}}],"collection":[{"href":"https:\/\/tamaulipasmiregion.com\/index.php?rest_route=\/wp\/v2\/posts"}],"about":[{"href":"https:\/\/tamaulipasmiregion.com\/index.php?rest_route=\/wp\/v2\/types\/post"}],"author":[{"embeddable":true,"href":"https:\/\/tamaulipasmiregion.com\/index.php?rest_route=\/wp\/v2\/users\/1"}],"replies":[{"embeddable":true,"href":"https:\/\/tamaulipasmiregion.com\/index.php?rest_route=%2Fwp%2Fv2%2Fcomments&post=1656"}],"version-history":[{"count":3,"href":"https:\/\/tamaulipasmiregion.com\/index.php?rest_route=\/wp\/v2\/posts\/1656\/revisions"}],"predecessor-version":[{"id":1663,"href":"https:\/\/tamaulipasmiregion.com\/index.php?rest_route=\/wp\/v2\/posts\/1656\/revisions\/1663"}],"wp:featuredmedia":[{"embeddable":true,"href":"https:\/\/tamaulipasmiregion.com\/index.php?rest_route=\/wp\/v2\/media\/1657"}],"wp:attachment":[{"href":"https:\/\/tamaulipasmiregion.com\/index.php?rest_route=%2Fwp%2Fv2%2Fmedia&parent=1656"}],"wp:term":[{"taxonomy":"category","embeddable":true,"href":"https:\/\/tamaulipasmiregion.com\/index.php?rest_route=%2Fwp%2Fv2%2Fcategories&post=1656"},{"taxonomy":"post_tag","embeddable":true,"href":"https:\/\/tamaulipasmiregion.com\/index.php?rest_route=%2Fwp%2Fv2%2Ftags&post=1656"}],"curies":[{"name":"wp","href":"https:\/\/api.w.org\/{rel}","templated":true}]}}