{"id":1665,"date":"2023-06-06T17:00:00","date_gmt":"2023-06-06T17:00:00","guid":{"rendered":"https:\/\/tamaulipasmiregion.com\/?p=1665"},"modified":"2023-07-04T17:05:08","modified_gmt":"2023-07-04T17:05:08","slug":"refrenda-rector-compromiso-de-la-uat-con-la-libertad-de-expresion","status":"publish","type":"post","link":"https:\/\/tamaulipasmiregion.com\/?p=1665","title":{"rendered":"Refrenda rector compromiso de la UAT con la libertad de expresi\u00f3n"},"content":{"rendered":"\n<p>  <\/p>\n\n\n\n<p><\/p>\n\n\n\n<p>Con motivo de conmemorar este 7 de junio el D\u00eda de la Libertad de Expresi\u00f3n, la Universidad Aut\u00f3noma de Tamaulipas (UAT) refrenda ante la sociedad su compromiso de garantizar este derecho humano b\u00e1sico, constitucional y fundamental entre toda la comunidad que integra la m\u00e1xima casa de estudios en el estado.<br>El rector Guillermo Mendoza Cavazos ratific\u00f3 el compromiso institucional que tiene la UAT de garantizar, proteger, promover y respetar el ejercicio pleno del derecho a la libertad de expresi\u00f3n: \u201cHacemos patente tambi\u00e9n la responsabilidad que tenemos, como instituci\u00f3n que se debe a la sociedad, de reforzar los valores del ejercicio de la libre expresi\u00f3n de las ideas y opiniones\u201d.<br>El contador Mendoza Cavazos destac\u00f3 la importancia de quienes trabajan en los medios de comunicaci\u00f3n y reconoci\u00f3 la labor que realizan, la cual implica informar a la sociedad los hechos y sucesos del d\u00eda a d\u00eda en el acontecer universitario y el crecimiento de la cultura de la informaci\u00f3n entre la sociedad.<br>Subray\u00f3 que esta es una oportunidad para recordar la preocupaci\u00f3n actual y constante sobre el cumplimiento de los derechos humanos en todas las acciones de la UAT y que el acceso a la informaci\u00f3n de manera oportuna y eficaz representa una base de confianza con la comunidad universitaria y la sociedad.<br>Lo anterior, toda vez que la Declaraci\u00f3n Universal de los Derechos Humanos, la Constituci\u00f3n de los Estados Unidos Mexicanos y diversas leyes establecen la garant\u00eda al derecho a la informaci\u00f3n, de modo que toda persona tiene derecho al libre acceso a informaci\u00f3n plural y oportuna, as\u00ed como a buscar, recibir y difundir informaci\u00f3n e ideas de toda \u00edndole por cualquier medio de expresi\u00f3n.<\/p>\n","protected":false},"excerpt":{"rendered":"Con motivo de conmemorar este 7 de junio el D\u00eda de la Libertad de Expresi\u00f3n, la Universidad Aut\u00f3noma de Tamaulipas (UAT) refrenda ante la sociedad su compromiso de garantizar este derecho humano b\u00e1sico, constitucional y fundamental entre toda la comunidad que integra la m\u00e1xima casa de estudios en el estado.El rector Guillermo Mendoza Cavazos ratific\u00f3","protected":false},"author":1,"featured_media":1669,"comment_status":"open","ping_status":"open","sticky":false,"template":"","format":"standard","meta":{"_monsterinsights_skip_tracking":false,"_monsterinsights_sitenote_active":false,"_monsterinsights_sitenote_note":"","_monsterinsights_sitenote_category":0,"footnotes":""},"categories":[3,1],"tags":[],"class_list":["post-1665","post","type-post","status-publish","format-standard","has-post-thumbnail","hentry","category-noticias","category-uncategorized"],"aioseo_notices":[],"amp_enabled":true,"_links":{"self":[{"href":"https:\/\/tamaulipasmiregion.com\/index.php?rest_route=\/wp\/v2\/posts\/1665","targetHints":{"allow":["GET"]}}],"collection":[{"href":"https:\/\/tamaulipasmiregion.com\/index.php?rest_route=\/wp\/v2\/posts"}],"about":[{"href":"https:\/\/tamaulipasmiregion.com\/index.php?rest_route=\/wp\/v2\/types\/post"}],"author":[{"embeddable":true,"href":"https:\/\/tamaulipasmiregion.com\/index.php?rest_route=\/wp\/v2\/users\/1"}],"replies":[{"embeddable":true,"href":"https:\/\/tamaulipasmiregion.com\/index.php?rest_route=%2Fwp%2Fv2%2Fcomments&post=1665"}],"version-history":[{"count":1,"href":"https:\/\/tamaulipasmiregion.com\/index.php?rest_route=\/wp\/v2\/posts\/1665\/revisions"}],"predecessor-version":[{"id":1666,"href":"https:\/\/tamaulipasmiregion.com\/index.php?rest_route=\/wp\/v2\/posts\/1665\/revisions\/1666"}],"wp:featuredmedia":[{"embeddable":true,"href":"https:\/\/tamaulipasmiregion.com\/index.php?rest_route=\/wp\/v2\/media\/1669"}],"wp:attachment":[{"href":"https:\/\/tamaulipasmiregion.com\/index.php?rest_route=%2Fwp%2Fv2%2Fmedia&parent=1665"}],"wp:term":[{"taxonomy":"category","embeddable":true,"href":"https:\/\/tamaulipasmiregion.com\/index.php?rest_route=%2Fwp%2Fv2%2Fcategories&post=1665"},{"taxonomy":"post_tag","embeddable":true,"href":"https:\/\/tamaulipasmiregion.com\/index.php?rest_route=%2Fwp%2Fv2%2Ftags&post=1665"}],"curies":[{"name":"wp","href":"https:\/\/api.w.org\/{rel}","templated":true}]}}