{"id":1695,"date":"2023-07-10T17:37:48","date_gmt":"2023-07-10T17:37:48","guid":{"rendered":"https:\/\/tamaulipasmiregion.com\/?p=1695"},"modified":"2023-08-02T17:40:04","modified_gmt":"2023-08-02T17:40:04","slug":"inicia-en-la-uat-el-campamento-infantil-de-verano-2023","status":"publish","type":"post","link":"https:\/\/tamaulipasmiregion.com\/?p=1695","title":{"rendered":"Inicia en la UAT el campamento infantil de verano 2023"},"content":{"rendered":"\n<p> <\/p>\n\n\n\n<p><\/p>\n\n\n\n<p>Con la participaci\u00f3n de m\u00e1s de trescientos ni\u00f1os se puso en marcha el Campamento Deportivo y Cultural de Verano 2023, organizado por la Universidad Aut\u00f3noma de Tamaulipas (UAT) en el Gimnasio Multidisciplinario del Centro Universitario de Victoria.<\/p>\n\n\n\n<p>Las actividades, que iniciaron este lunes 10 de julio y concluir\u00e1n el d\u00eda 21, fueron inauguradas por el C. P. Guillermo Mendoza Cavazos, rector de la UAT, ante padres de <a><\/a>familia y la ni\u00f1ez integrante del campamento, cuyas actividades tienen como prop\u00f3sito estrechar los v\u00ednculos de la Universidad con la sociedad en los espacios deportivos y culturales de la instituci\u00f3n.<\/p>\n\n\n\n<p>Durante la ceremonia de apertura en la duela del Gimnasio Multidisciplinario, el rector Guillermo Mendoza dio la bienvenida y destac\u00f3 que, adem\u00e1s de brindar momentos de diversi\u00f3n a los ni\u00f1os, se busca acercarlos a la cultura deportiva y cultural como una manera positiva de formarlos.<\/p>\n\n\n\n<p>Dijo el rector que en el campamento de verano los ni\u00f1os podr\u00e1n realizar diferentes actividades, pero tambi\u00e9n tendr\u00e1n la oportunidad de socializar, aspecto que igualmente es importante para su desarrollo.<\/p>\n\n\n\n<p>Tambi\u00e9n agradeci\u00f3 a los padres de familia por confiar en la UAT y participar en las actividades que representan otra manera de abrir las puertas de la Universidad para que la comunidad conozca m\u00e1s de esta casa de estudios.<\/p>\n\n\n\n<p>En su edici\u00f3n n\u00famero 21, el campamento de verano re\u00fane a m\u00e1s de trescientos ni\u00f1os de Ciudad Victoria, entre los 6 y 12 a\u00f1os, quienes realizar\u00e1n actividades deportivas, como f\u00fatbol, voleibol, basquetbol, taekwondo y tochito, as\u00ed como recreativas y culturales, en las cuales, por primera vez, se incluyeron baile y artes, un<\/p>\n\n\n\n<p>taller de televisi\u00f3n, entre otras que se han programado en espacios como la Biblioteca Central, TV-UAT y la Facultad de Comercio y Administraci\u00f3n Victoria.<\/p>\n\n\n\n<p>La ceremonia inaugural cont\u00f3 con la presencia del director de Deportes de la UAT, Ing. Miguel \u00c1ngel Ramos M\u00e1rquez; el director de Cultura y Artes, Mtro. Juan Carlos Barroso G\u00f3mez; la encargada de la Biblioteca Central, Dra. Lorena Alicia Medina L\u00f3pez, entre otros funcionarios y directivos de las facultades y unidades acad\u00e9micas.<\/p>\n","protected":false},"excerpt":{"rendered":"Con la participaci\u00f3n de m\u00e1s de trescientos ni\u00f1os se puso en marcha el Campamento Deportivo y Cultural de Verano 2023, organizado por la Universidad Aut\u00f3noma de Tamaulipas (UAT) en el Gimnasio Multidisciplinario del Centro Universitario de Victoria. Las actividades, que iniciaron este lunes 10 de julio y concluir\u00e1n el d\u00eda 21, fueron inauguradas por el","protected":false},"author":1,"featured_media":1696,"comment_status":"open","ping_status":"open","sticky":false,"template":"","format":"standard","meta":{"_monsterinsights_skip_tracking":false,"_monsterinsights_sitenote_active":false,"_monsterinsights_sitenote_note":"","_monsterinsights_sitenote_category":0,"footnotes":""},"categories":[3],"tags":[],"class_list":["post-1695","post","type-post","status-publish","format-standard","has-post-thumbnail","hentry","category-noticias"],"aioseo_notices":[],"amp_enabled":true,"_links":{"self":[{"href":"https:\/\/tamaulipasmiregion.com\/index.php?rest_route=\/wp\/v2\/posts\/1695","targetHints":{"allow":["GET"]}}],"collection":[{"href":"https:\/\/tamaulipasmiregion.com\/index.php?rest_route=\/wp\/v2\/posts"}],"about":[{"href":"https:\/\/tamaulipasmiregion.com\/index.php?rest_route=\/wp\/v2\/types\/post"}],"author":[{"embeddable":true,"href":"https:\/\/tamaulipasmiregion.com\/index.php?rest_route=\/wp\/v2\/users\/1"}],"replies":[{"embeddable":true,"href":"https:\/\/tamaulipasmiregion.com\/index.php?rest_route=%2Fwp%2Fv2%2Fcomments&post=1695"}],"version-history":[{"count":1,"href":"https:\/\/tamaulipasmiregion.com\/index.php?rest_route=\/wp\/v2\/posts\/1695\/revisions"}],"predecessor-version":[{"id":1697,"href":"https:\/\/tamaulipasmiregion.com\/index.php?rest_route=\/wp\/v2\/posts\/1695\/revisions\/1697"}],"wp:featuredmedia":[{"embeddable":true,"href":"https:\/\/tamaulipasmiregion.com\/index.php?rest_route=\/wp\/v2\/media\/1696"}],"wp:attachment":[{"href":"https:\/\/tamaulipasmiregion.com\/index.php?rest_route=%2Fwp%2Fv2%2Fmedia&parent=1695"}],"wp:term":[{"taxonomy":"category","embeddable":true,"href":"https:\/\/tamaulipasmiregion.com\/index.php?rest_route=%2Fwp%2Fv2%2Fcategories&post=1695"},{"taxonomy":"post_tag","embeddable":true,"href":"https:\/\/tamaulipasmiregion.com\/index.php?rest_route=%2Fwp%2Fv2%2Ftags&post=1695"}],"curies":[{"name":"wp","href":"https:\/\/api.w.org\/{rel}","templated":true}]}}