{"id":1797,"date":"2023-12-07T18:06:24","date_gmt":"2023-12-07T18:06:24","guid":{"rendered":"https:\/\/tamaulipasmiregion.com\/?p=1797"},"modified":"2023-12-13T18:15:15","modified_gmt":"2023-12-13T18:15:15","slug":"destaca-rector-damaso-anaya-compromiso-de-la-uat-con-sus-trabajadores","status":"publish","type":"post","link":"https:\/\/tamaulipasmiregion.com\/?p=1797","title":{"rendered":"Destaca rector D\u00e1maso Anaya compromiso de la UAT con sus trabajadores"},"content":{"rendered":"\n<p> <\/p>\n\n\n\n<p><\/p>\n\n\n\n<p>Preside el tradicional convivio navide\u00f1o que ofrece la UAT a su personal sindicalizado en la zona centro del estado.<\/p>\n\n\n\n<p>El rector de la Universidad Aut\u00f3noma de Tamaulipas (UAT), MVZ. D\u00e1maso Leonardo Anaya Alvarado, presidi\u00f3 el tradicional festejo navide\u00f1o que se ofreci\u00f3 a los trabajadores sindicalizados del Campus Victoria, donde destac\u00f3 el compromiso de la instituci\u00f3n por seguir mejorando las condiciones <a><\/a>laborales de su personal.<\/p>\n\n\n\n<p>Durante el evento realizado en el Gimnasio Multidisciplinario, el rector estuvo acompa\u00f1ado del secretario de Administraci\u00f3n, Marco Antonio Bastarse Contreras; y del secretario general del Sindicato \u00danico de Trabajadores de la UAT (SUTUAT), Oscar Valdez \u00c1vila.<\/p>\n\n\n\n<p>El MVZ. D\u00e1maso Anaya dijo que el festejo prenavide\u00f1o representa una oportunidad de convivencia entre compa\u00f1eros y refuerza los v\u00ednculos entre la comunidad universitaria.<\/p>\n\n\n\n<p>Expres\u00f3 a los trabajadores universitarios sus mejores deseos para el a\u00f1o 2024, subrayando que vendr\u00e1n proyectos y retos por cumplir, porque la UAT vive tiempos de transformaci\u00f3n que ser\u00e1n importantes para el futuro de la instituci\u00f3n.<\/p>\n\n\n\n<p>Ante ello, los invit\u00f3 a seguir dando todo su esfuerzo para el fortalecimiento de la m\u00e1xima casa de estudios de la entidad, y reiter\u00f3 que, su administraci\u00f3n rectoral, ser\u00e1 un aliado que se ocupar\u00e1 de mejorar sus condiciones laborales.<\/p>\n\n\n\n<p>Por su parte, el secretario general del SUTUAT, Oscar Valdez \u00c1vila, agradeci\u00f3 al rector D\u00e1maso Anaya Alvarado por el festejo y la convivencia para sus agremiados, luego de reafirmar el compromiso que tienen con la m\u00e1xima casa de estudios de la entidad.<\/p>\n\n\n\n<p>Adem\u00e1s de compartir los alimentos y de disfrutar de los n\u00fameros musicales que se presentaron, los trabajadores participaron en el tradicional sorteo de regalos que les ofrece la instituci\u00f3n.<\/p>\n\n\n\n<p>Cabe se\u00f1alar, que en el evento se cont\u00f3 con la presencia de directores de las dependencias educativas del Campus Victoria, entre otras autoridades universitarias.<\/p>\n","protected":false},"excerpt":{"rendered":"Preside el tradicional convivio navide\u00f1o que ofrece la UAT a su personal sindicalizado en la zona centro del estado. El rector de la Universidad Aut\u00f3noma de Tamaulipas (UAT), MVZ. D\u00e1maso Leonardo Anaya Alvarado, presidi\u00f3 el tradicional festejo navide\u00f1o que se ofreci\u00f3 a los trabajadores sindicalizados del Campus Victoria, donde destac\u00f3 el compromiso de la instituci\u00f3n","protected":false},"author":1,"featured_media":1803,"comment_status":"open","ping_status":"open","sticky":false,"template":"","format":"standard","meta":{"_monsterinsights_skip_tracking":false,"_monsterinsights_sitenote_active":false,"_monsterinsights_sitenote_note":"","_monsterinsights_sitenote_category":0,"footnotes":""},"categories":[3],"tags":[],"class_list":["post-1797","post","type-post","status-publish","format-standard","has-post-thumbnail","hentry","category-noticias"],"aioseo_notices":[],"amp_enabled":true,"_links":{"self":[{"href":"https:\/\/tamaulipasmiregion.com\/index.php?rest_route=\/wp\/v2\/posts\/1797","targetHints":{"allow":["GET"]}}],"collection":[{"href":"https:\/\/tamaulipasmiregion.com\/index.php?rest_route=\/wp\/v2\/posts"}],"about":[{"href":"https:\/\/tamaulipasmiregion.com\/index.php?rest_route=\/wp\/v2\/types\/post"}],"author":[{"embeddable":true,"href":"https:\/\/tamaulipasmiregion.com\/index.php?rest_route=\/wp\/v2\/users\/1"}],"replies":[{"embeddable":true,"href":"https:\/\/tamaulipasmiregion.com\/index.php?rest_route=%2Fwp%2Fv2%2Fcomments&post=1797"}],"version-history":[{"count":1,"href":"https:\/\/tamaulipasmiregion.com\/index.php?rest_route=\/wp\/v2\/posts\/1797\/revisions"}],"predecessor-version":[{"id":1799,"href":"https:\/\/tamaulipasmiregion.com\/index.php?rest_route=\/wp\/v2\/posts\/1797\/revisions\/1799"}],"wp:featuredmedia":[{"embeddable":true,"href":"https:\/\/tamaulipasmiregion.com\/index.php?rest_route=\/wp\/v2\/media\/1803"}],"wp:attachment":[{"href":"https:\/\/tamaulipasmiregion.com\/index.php?rest_route=%2Fwp%2Fv2%2Fmedia&parent=1797"}],"wp:term":[{"taxonomy":"category","embeddable":true,"href":"https:\/\/tamaulipasmiregion.com\/index.php?rest_route=%2Fwp%2Fv2%2Fcategories&post=1797"},{"taxonomy":"post_tag","embeddable":true,"href":"https:\/\/tamaulipasmiregion.com\/index.php?rest_route=%2Fwp%2Fv2%2Ftags&post=1797"}],"curies":[{"name":"wp","href":"https:\/\/api.w.org\/{rel}","templated":true}]}}