{"id":1808,"date":"2024-01-07T14:20:00","date_gmt":"2024-01-07T14:20:00","guid":{"rendered":"https:\/\/tamaulipasmiregion.com\/?p=1808"},"modified":"2024-01-15T02:22:53","modified_gmt":"2024-01-15T02:22:53","slug":"reafirma-damaso-anaya-el-compromiso-de-unir-esfuerzos-para-la-transformacion-de-la-uat","status":"publish","type":"post","link":"https:\/\/tamaulipasmiregion.com\/?p=1808","title":{"rendered":"Reafirma D\u00e1maso Anaya el compromiso de unir esfuerzos para la transformaci\u00f3n de la UAT"},"content":{"rendered":"\n<p> <\/p>\n\n\n\n<p><\/p>\n\n\n\n<p>En su primera reuni\u00f3n como presidente del Colegio de Directores de la UAT, el rector D\u00e1maso Anaya destac\u00f3 la importancia de trabajar conjuntamente para contribuir a la transformaci\u00f3n de la instituci\u00f3n hacia un enfoque humanista.<\/p>\n\n\n\n<p>Como rector de la Universidad Aut\u00f3noma de Tamaulipas (UAT), el MVZ D\u00e1maso Anaya Alvarado presidi\u00f3 su primera reuni\u00f3n del Colegio de Directores, con la participaci\u00f3n <a><\/a>de titulares de las veintis\u00e9is dependencias acad\u00e9micas de la m\u00e1xima casa de estudios del estado.<\/p>\n\n\n\n<p>Durante el encuentro celebrado en el Centro de Gesti\u00f3n del Conocimiento del Campus Victoria, el rector extendi\u00f3 un mensaje de bienvenida a las autoridades universitarias, marcando as\u00ed su primera sesi\u00f3n al frente de este \u00f3rgano colegiado de la UAT.<\/p>\n\n\n\n<p>Luego de agradecer la dedicaci\u00f3n de los directivos de las facultades, unidades acad\u00e9micas y escuelas preparatorias, destac\u00f3 la importancia de trabajar conjuntamente para contribuir a la transformaci\u00f3n de la instituci\u00f3n hacia un enfoque humanista.<\/p>\n\n\n\n<p>Asimismo, subray\u00f3 el continuo tes\u00f3n de la UAT por fortalecer la visi\u00f3n institucional, y recalc\u00f3 la importancia de demostrar el compromiso de la Universidad con la educaci\u00f3n superior basada en valores.<\/p>\n\n\n\n<p>En ese contexto, hizo un llamado a la unidad para consolidar el prop\u00f3sito com\u00fan de fortalecer la academia y la formaci\u00f3n estudiantil.<\/p>\n\n\n\n<p>Durante su mensaje, resalt\u00f3 la importancia de incentivar la formaci\u00f3n del alumnado de los distintos programas de licenciatura y posgrado, adem\u00e1s de reiterar su compromiso de mantener una administraci\u00f3n cercana con la comunidad estudiantil y<\/p>\n\n\n\n<p>su disposici\u00f3n para colaborar estrechamente con los directores en beneficio del fortalecimiento de la academia.<\/p>\n\n\n\n<p>El rector felicit\u00f3 a los directivos por las recientes festividades navide\u00f1as y expres\u00f3 sus mejores deseos para este a\u00f1o 2024. Con optimismo, manifest\u00f3 su esperanza de que, trabajando juntos, logren concluir con \u00e9xito proyectos significativos en la Universidad.<\/p>\n\n\n\n<p>La primera reuni\u00f3n del Colegio de Directores bajo el liderazgo del MVZ D\u00e1maso Anaya Alvarado refleja la determinaci\u00f3n colectiva de impulsar el desarrollo acad\u00e9mico y consolidar la excelencia en la instituci\u00f3n educativa m\u00e1s importante de Tamaulipas.<\/p>\n","protected":false},"excerpt":{"rendered":"En su primera reuni\u00f3n como presidente del Colegio de Directores de la UAT, el rector D\u00e1maso Anaya destac\u00f3 la importancia de trabajar conjuntamente para contribuir a la transformaci\u00f3n de la instituci\u00f3n hacia un enfoque humanista. Como rector de la Universidad Aut\u00f3noma de Tamaulipas (UAT), el MVZ D\u00e1maso Anaya Alvarado presidi\u00f3 su primera reuni\u00f3n del Colegio","protected":false},"author":1,"featured_media":1809,"comment_status":"open","ping_status":"open","sticky":false,"template":"","format":"standard","meta":{"_monsterinsights_skip_tracking":false,"_monsterinsights_sitenote_active":false,"_monsterinsights_sitenote_note":"","_monsterinsights_sitenote_category":0,"footnotes":""},"categories":[3],"tags":[],"class_list":["post-1808","post","type-post","status-publish","format-standard","has-post-thumbnail","hentry","category-noticias"],"aioseo_notices":[],"amp_enabled":true,"_links":{"self":[{"href":"https:\/\/tamaulipasmiregion.com\/index.php?rest_route=\/wp\/v2\/posts\/1808","targetHints":{"allow":["GET"]}}],"collection":[{"href":"https:\/\/tamaulipasmiregion.com\/index.php?rest_route=\/wp\/v2\/posts"}],"about":[{"href":"https:\/\/tamaulipasmiregion.com\/index.php?rest_route=\/wp\/v2\/types\/post"}],"author":[{"embeddable":true,"href":"https:\/\/tamaulipasmiregion.com\/index.php?rest_route=\/wp\/v2\/users\/1"}],"replies":[{"embeddable":true,"href":"https:\/\/tamaulipasmiregion.com\/index.php?rest_route=%2Fwp%2Fv2%2Fcomments&post=1808"}],"version-history":[{"count":1,"href":"https:\/\/tamaulipasmiregion.com\/index.php?rest_route=\/wp\/v2\/posts\/1808\/revisions"}],"predecessor-version":[{"id":1810,"href":"https:\/\/tamaulipasmiregion.com\/index.php?rest_route=\/wp\/v2\/posts\/1808\/revisions\/1810"}],"wp:featuredmedia":[{"embeddable":true,"href":"https:\/\/tamaulipasmiregion.com\/index.php?rest_route=\/wp\/v2\/media\/1809"}],"wp:attachment":[{"href":"https:\/\/tamaulipasmiregion.com\/index.php?rest_route=%2Fwp%2Fv2%2Fmedia&parent=1808"}],"wp:term":[{"taxonomy":"category","embeddable":true,"href":"https:\/\/tamaulipasmiregion.com\/index.php?rest_route=%2Fwp%2Fv2%2Fcategories&post=1808"},{"taxonomy":"post_tag","embeddable":true,"href":"https:\/\/tamaulipasmiregion.com\/index.php?rest_route=%2Fwp%2Fv2%2Ftags&post=1808"}],"curies":[{"name":"wp","href":"https:\/\/api.w.org\/{rel}","templated":true}]}}