{"id":1811,"date":"2024-01-09T14:23:00","date_gmt":"2024-01-09T14:23:00","guid":{"rendered":"https:\/\/tamaulipasmiregion.com\/?p=1811"},"modified":"2024-01-15T02:25:07","modified_gmt":"2024-01-15T02:25:07","slug":"inicia-damaso-anaya-recorrido-por-facultades-de-la-uat","status":"publish","type":"post","link":"https:\/\/tamaulipasmiregion.com\/?p=1811","title":{"rendered":"Inicia D\u00e1maso Anaya recorrido por facultades de la UAT"},"content":{"rendered":"\n<p> <\/p>\n\n\n\n<p><\/p>\n\n\n\n<p>Con el prop\u00f3sito de establecer un di\u00e1logo con la comunidad universitaria y conocer de primera mano sus propuestas y necesidades, el MVZ D\u00e1maso Anaya Alvarado, rector de la Universidad Aut\u00f3noma de Tamaulipas (UAT), inici\u00f3 la Gira Diagn\u00f3stico que plantea una serie de recorridos que estar\u00e1 efectuando en las facultades, unidades acad\u00e9micas y escuelas preparatorias ubicadas en las distintas sedes de la m\u00e1xima casa de estudios <a><\/a>en el estado.<\/p>\n\n\n\n<p>D\u00e1maso Anaya comenz\u00f3 su gira de trabajo este martes 9 de enero en la Facultad de Ciencias de la Educaci\u00f3n y Humanidades (FCEH) del Centro Universitario Victoria, en donde se reuni\u00f3 con la directiva de la instituci\u00f3n, docentes y personal de las \u00e1reas acad\u00e9micas, de investigaci\u00f3n y vinculaci\u00f3n.<\/p>\n\n\n\n<p>Por parte de la FCEH, la directora del plantel Dra. Elsa Fernanda Gonz\u00e1lez Quintero, ofreci\u00f3 el mensaje de bienvenida y agradeci\u00f3 al rector por presidir este acercamiento estrat\u00e9gico para conocer y fortalecer las necesidades universitarias.<\/p>\n\n\n\n<p>En ese contexto, se expusieron detalles de los procesos de evaluaci\u00f3n y acreditaci\u00f3n de los programas de licenciatura y posgrado, destac\u00e1ndose el compromiso de docentes, investigadores e integrantes de cuerpos acad\u00e9micos por contribuir a fortalecer el proyecto educativo para la transformaci\u00f3n de la UAT.<\/p>\n\n\n\n<p>El rector D\u00e1maso Anaya reconoci\u00f3 el esfuerzo que realiza la FCEH en la formaci\u00f3n de profesionales de excelencia en educaci\u00f3n, subrayando su respaldo a iniciativas que contemplan la participaci\u00f3n de la UAT en las tareas emergentes de la educaci\u00f3n y el desarrollo de la comunidad tamaulipeca.<\/p>\n\n\n\n<p>En su primera visita a la FCEH, hizo un recorrido que incluy\u00f3 los laboratorios, el comedor universitario, el centro de c\u00f3mputo y la unidad de primeros auxilios. Adem\u00e1s,<\/p>\n\n\n\n<p>sostuvo reuniones con profesores y docentes, estableciendo un di\u00e1logo directo para conocer sus inquietudes y propuestas.<\/p>\n\n\n\n<p>Posteriormente, el MVZ D\u00e1maso Anaya Alvarado continu\u00f3 la Gira Diagn\u00f3stico en la Facultad de Comercio y Administraci\u00f3n Victoria (FCAV), donde se reuni\u00f3 con la directiva, docentes y personal de esta dependencia universitaria.<\/p>\n\n\n\n<p>El director de la FCAV, Dr. Jes\u00fas Gerardo Delgado Rivas ofreci\u00f3 la bienvenida y present\u00f3 una exposici\u00f3n en las que se destacaron fortalezas y \u00e1reas de oportunidad en los rubros de la docencia, servicios estudiantiles, infraestructura, investigaci\u00f3n y posgrado, vinculaci\u00f3n social, p\u00fablica y empresarial, entre otras \u00e1reas.<\/p>\n\n\n\n<p>Dentro de las iniciativas presentadas al rector, se destacaron la consolidaci\u00f3n del proyecto de Constancias Digitales para la agilizaci\u00f3n de tr\u00e1mites acad\u00e9micos, el sistema de Indicadores Escolares para mejorar la calidad educativa y propuestas de innovaci\u00f3n tecnol\u00f3gica para el \u00e1rea de biblioteca y la gesti\u00f3n integral, orientada a optimizar recursos y facilitar procesos administrativos.<\/p>\n\n\n\n<p>Posterior a dicha presentaci\u00f3n, D\u00e1maso Anaya hizo un recorrido por las instalaciones y se reuni\u00f3 en un di\u00e1logo con representantes estudiantiles y el claustro docente.<\/p>\n","protected":false},"excerpt":{"rendered":"Con el prop\u00f3sito de establecer un di\u00e1logo con la comunidad universitaria y conocer de primera mano sus propuestas y necesidades, el MVZ D\u00e1maso Anaya Alvarado, rector de la Universidad Aut\u00f3noma de Tamaulipas (UAT), inici\u00f3 la Gira Diagn\u00f3stico que plantea una serie de recorridos que estar\u00e1 efectuando en las facultades, unidades acad\u00e9micas y escuelas preparatorias ubicadas","protected":false},"author":1,"featured_media":1812,"comment_status":"open","ping_status":"open","sticky":false,"template":"","format":"standard","meta":{"_monsterinsights_skip_tracking":false,"_monsterinsights_sitenote_active":false,"_monsterinsights_sitenote_note":"","_monsterinsights_sitenote_category":0,"footnotes":""},"categories":[3],"tags":[],"class_list":["post-1811","post","type-post","status-publish","format-standard","has-post-thumbnail","hentry","category-noticias"],"aioseo_notices":[],"amp_enabled":true,"_links":{"self":[{"href":"https:\/\/tamaulipasmiregion.com\/index.php?rest_route=\/wp\/v2\/posts\/1811","targetHints":{"allow":["GET"]}}],"collection":[{"href":"https:\/\/tamaulipasmiregion.com\/index.php?rest_route=\/wp\/v2\/posts"}],"about":[{"href":"https:\/\/tamaulipasmiregion.com\/index.php?rest_route=\/wp\/v2\/types\/post"}],"author":[{"embeddable":true,"href":"https:\/\/tamaulipasmiregion.com\/index.php?rest_route=\/wp\/v2\/users\/1"}],"replies":[{"embeddable":true,"href":"https:\/\/tamaulipasmiregion.com\/index.php?rest_route=%2Fwp%2Fv2%2Fcomments&post=1811"}],"version-history":[{"count":1,"href":"https:\/\/tamaulipasmiregion.com\/index.php?rest_route=\/wp\/v2\/posts\/1811\/revisions"}],"predecessor-version":[{"id":1813,"href":"https:\/\/tamaulipasmiregion.com\/index.php?rest_route=\/wp\/v2\/posts\/1811\/revisions\/1813"}],"wp:featuredmedia":[{"embeddable":true,"href":"https:\/\/tamaulipasmiregion.com\/index.php?rest_route=\/wp\/v2\/media\/1812"}],"wp:attachment":[{"href":"https:\/\/tamaulipasmiregion.com\/index.php?rest_route=%2Fwp%2Fv2%2Fmedia&parent=1811"}],"wp:term":[{"taxonomy":"category","embeddable":true,"href":"https:\/\/tamaulipasmiregion.com\/index.php?rest_route=%2Fwp%2Fv2%2Fcategories&post=1811"},{"taxonomy":"post_tag","embeddable":true,"href":"https:\/\/tamaulipasmiregion.com\/index.php?rest_route=%2Fwp%2Fv2%2Ftags&post=1811"}],"curies":[{"name":"wp","href":"https:\/\/api.w.org\/{rel}","templated":true}]}}