{"id":1835,"date":"2024-02-02T20:34:59","date_gmt":"2024-02-02T20:34:59","guid":{"rendered":"https:\/\/tamaulipasmiregion.com\/?p=1835"},"modified":"2024-02-29T20:37:24","modified_gmt":"2024-02-29T20:37:24","slug":"asamblea-de-la-uat-aprueba-dos-candidaturas-para-la-rectoria","status":"publish","type":"post","link":"https:\/\/tamaulipasmiregion.com\/?p=1835","title":{"rendered":"Asamblea de la UAT aprueba dos candidaturas para la Rector\u00eda"},"content":{"rendered":"\n<p> <\/p>\n\n\n\n<p><\/p>\n\n\n\n<p>En sesi\u00f3n extraordinaria celebrada este d\u00eda en el Campus Victoria, la Asamblea de la Universidad Aut\u00f3noma de Tamaulipas (UAT) aval\u00f3 a dos aspirantes como candidatos a la titularidad de la Rector\u00eda de la m\u00e1xima casa de estudios del estado para el per\u00edodo 2024-2028.<\/p>\n\n\n\n<p>La Junta Permanente, que tiene a cargo la elecci\u00f3n, aval\u00f3 las candidaturas de la Mtra. Juana Maribel Sober\u00f3n Garc\u00eda y del MVZ D\u00e1maso Leonardo Anaya <a><\/a>Alvarado, quienes estar\u00e1n en las boletas para el proceso de votaci\u00f3n que se desarrollar\u00e1 el mi\u00e9rcoles 7 de febrero, en las veintis\u00e9is dependencias acad\u00e9micas de la UAT.<\/p>\n\n\n\n<p>Luego de hacer una evaluaci\u00f3n y an\u00e1lisis de los cinco aspirantes que originalmente fueron registrados para este proceso, el \u00f3rgano universitario determin\u00f3 que el Dr. Olegario M\u00e9ndez Cabrera y la Dra. Olga Ellinor Castrell\u00f3n Rodr\u00edguez no cumplieron con los requisitos establecidos en la convocatoria. Por su parte, la Dra. Mar\u00eda Luisa \u00c1lvarez Cervantes declin\u00f3 su participaci\u00f3n argumentando motivos personales para retirarse de la contienda.<\/p>\n\n\n\n<p>La Junta Permanente, por conducto de su presidenta, la Dra. Karla Villarreal Sotelo, inform\u00f3 del resultado del proceso de auscultaci\u00f3n de los cinco aspirantes.<\/p>\n\n\n\n<p>Posteriormente, la Asamblea Universitaria aprob\u00f3 a Sober\u00f3n Garc\u00eda y a Anaya Alvarado como candidatos, quienes, en su oportunidad, presentaron ante la Asamblea el plan de trabajo que proponen para la Universidad, en caso de ser favorecidos por el voto de estudiantes y docentes.<\/p>\n\n\n\n<p>De acuerdo con la convocatoria, el 7 de febrero, de 7:00 a 18:00 horas, se desarrollar\u00e1 la jornada de voto universal, libre, directo y secreto, tanto del personal acad\u00e9mico como del alumnado de media superior, licenciatura y posgrado.<\/p>\n\n\n\n<p>Podr\u00e1n emitir su voto electr\u00f3nico estudiantes que cursan alguno de los tres programas educativos que oferta la UAT en el sistema en l\u00ednea, as\u00ed como estudiantes de las \u00e1reas de la salud (medicina, enfermer\u00eda y psicolog\u00eda) que cumplan su servicio social en campos cl\u00ednicos.<\/p>\n\n\n\n<p>Para el 9 de febrero, en sesi\u00f3n de la Asamblea Universitaria, la Junta Permanente presentar\u00e1 los resultados electorales. Y se har\u00e1 la declaraci\u00f3n de la persona electa, as\u00ed como la toma de protesta de la persona ganadora de la elecci\u00f3n a la Rector\u00eda de la UAT para el per\u00edodo 2024-2028.<\/p>\n","protected":false},"excerpt":{"rendered":"En sesi\u00f3n extraordinaria celebrada este d\u00eda en el Campus Victoria, la Asamblea de la Universidad Aut\u00f3noma de Tamaulipas (UAT) aval\u00f3 a dos aspirantes como candidatos a la titularidad de la Rector\u00eda de la m\u00e1xima casa de estudios del estado para el per\u00edodo 2024-2028. La Junta Permanente, que tiene a cargo la elecci\u00f3n, aval\u00f3 las candidaturas","protected":false},"author":1,"featured_media":1836,"comment_status":"open","ping_status":"open","sticky":false,"template":"","format":"standard","meta":{"_monsterinsights_skip_tracking":false,"_monsterinsights_sitenote_active":false,"_monsterinsights_sitenote_note":"","_monsterinsights_sitenote_category":0,"footnotes":""},"categories":[3],"tags":[],"class_list":["post-1835","post","type-post","status-publish","format-standard","has-post-thumbnail","hentry","category-noticias"],"aioseo_notices":[],"amp_enabled":true,"_links":{"self":[{"href":"https:\/\/tamaulipasmiregion.com\/index.php?rest_route=\/wp\/v2\/posts\/1835","targetHints":{"allow":["GET"]}}],"collection":[{"href":"https:\/\/tamaulipasmiregion.com\/index.php?rest_route=\/wp\/v2\/posts"}],"about":[{"href":"https:\/\/tamaulipasmiregion.com\/index.php?rest_route=\/wp\/v2\/types\/post"}],"author":[{"embeddable":true,"href":"https:\/\/tamaulipasmiregion.com\/index.php?rest_route=\/wp\/v2\/users\/1"}],"replies":[{"embeddable":true,"href":"https:\/\/tamaulipasmiregion.com\/index.php?rest_route=%2Fwp%2Fv2%2Fcomments&post=1835"}],"version-history":[{"count":1,"href":"https:\/\/tamaulipasmiregion.com\/index.php?rest_route=\/wp\/v2\/posts\/1835\/revisions"}],"predecessor-version":[{"id":1837,"href":"https:\/\/tamaulipasmiregion.com\/index.php?rest_route=\/wp\/v2\/posts\/1835\/revisions\/1837"}],"wp:featuredmedia":[{"embeddable":true,"href":"https:\/\/tamaulipasmiregion.com\/index.php?rest_route=\/wp\/v2\/media\/1836"}],"wp:attachment":[{"href":"https:\/\/tamaulipasmiregion.com\/index.php?rest_route=%2Fwp%2Fv2%2Fmedia&parent=1835"}],"wp:term":[{"taxonomy":"category","embeddable":true,"href":"https:\/\/tamaulipasmiregion.com\/index.php?rest_route=%2Fwp%2Fv2%2Fcategories&post=1835"},{"taxonomy":"post_tag","embeddable":true,"href":"https:\/\/tamaulipasmiregion.com\/index.php?rest_route=%2Fwp%2Fv2%2Ftags&post=1835"}],"curies":[{"name":"wp","href":"https:\/\/api.w.org\/{rel}","templated":true}]}}