{"id":1920,"date":"2024-03-04T19:23:58","date_gmt":"2024-03-04T19:23:58","guid":{"rendered":"https:\/\/tamaulipasmiregion.com\/?p=1920"},"modified":"2024-03-13T19:35:30","modified_gmt":"2024-03-13T19:35:30","slug":"en-la-uat-tenemos-que-irnos-por-el-lado-academico-esa-es-la-fortaleza-que-impulsaremos-rector","status":"publish","type":"post","link":"https:\/\/tamaulipasmiregion.com\/?p=1920","title":{"rendered":"\u201cEn la UAT tenemos que irnos por el lado acad\u00e9mico; esa es la fortaleza que impulsaremos\u201d: rector"},"content":{"rendered":"\n<p> <\/p>\n\n\n\n<p><\/p>\n\n\n\n<p>\u00b7 \u25cf El MVZ D\u00e1maso Anaya hizo un recorrido por las dependencias de la UAT en Reynosa, donde reiter\u00f3 su respaldo a las iniciativas de los universitarios para seguir fortaleciendo a la m\u00e1xima casa de estudios de Tamaulipas.<\/p>\n\n\n\n<p>En el marco de la gira de diagn\u00f3stico que lleva a cabo en las dependencias educativas de la Universidad Aut\u00f3noma de Tamaulipas (UAT), el rector D\u00e1maso Leonardo <a><\/a>Anaya Alvarado visit\u00f3 este lunes 4 de marzo las Unidades Acad\u00e9micas Multidisciplinarias Reynosa Aztl\u00e1n y Reynosa Rodhe.<\/p>\n\n\n\n<p>Durante su recorrido, el rector reiter\u00f3 su prop\u00f3sito de trabajar muy cerca con la comunidad universitaria, con el compromiso de sumar sus inquietudes, propuestas e iniciativas en la b\u00fasqueda de la excelencia acad\u00e9mica.<\/p>\n\n\n\n<p>\u201cEn la Universidad tenemos que irnos por el lado acad\u00e9mico; esa es la fortaleza que le quiero dar, que sea en beneficio de la investigaci\u00f3n, de la vinculaci\u00f3n, de las actividades deportivas, y que eso conlleve a tener un bienestar m\u00e1s sano y saludable para los j\u00f3venes y los compa\u00f1eros catedr\u00e1ticos\u201d, expres\u00f3 el MVZ D\u00e1maso Anaya.<\/p>\n\n\n\n<p>Hizo hincapi\u00e9 en que la gira de trabajo por los distintos planteles de la UAT busca sumar los esfuerzos para consolidar el plan de trabajo de su gesti\u00f3n rectoral.<\/p>\n\n\n\n<p>Se\u00f1al\u00f3 que se trata de estrechar la comunicaci\u00f3n tanto con estudiantes como con docentes y trabajar muy cerca de todos los universitarios: \u201cLe quiero imprimir a la UAT un sello muy humano\u201d, subray\u00f3.<\/p>\n\n\n\n<p>Recalc\u00f3 que la UAT tiene entre sus fortalezas la calidad de su claustro docente, y en ese sentido, destac\u00f3 el incremento de ingresos al Sistema Nacional de Investigadoras e Investigadores.<\/p>\n\n\n\n<p>El rector D\u00e1maso Anaya inici\u00f3 sus actividades en la Unidad Acad\u00e9mica Multidisciplinaria Reynosa Aztl\u00e1n (UAMRA), acompa\u00f1ado de la directora interina del plantel, Dra. Mar\u00eda Cristina Hern\u00e1ndez Jim\u00e9nez, y del secretario t\u00e9cnico, Mtro. Ignacio Hern\u00e1ndez Rodr\u00edguez.<\/p>\n\n\n\n<p>Hizo entrega de material deportivo al equipo de futbol americano y sostuvo un di\u00e1logo con los estudiantes; de igual forma, visit\u00f3 los laboratorios de posgrado y farmacolog\u00eda, y se reuni\u00f3 con docentes en el auditorio de la UAMRA.<\/p>\n\n\n\n<p>La directora interina, Mar\u00eda Cristina Hern\u00e1ndez, dio la bienvenida y agradeci\u00f3 al rector su presencia, que permite a los universitarios compartir sus inquietudes, necesidades y propuestas; tambi\u00e9n le expres\u00f3 el compromiso de continuar trabajando con base en su ejemplo de valores, transparencia y humanismo.<\/p>\n\n\n\n<p>Posteriormente, el MVZ D\u00e1maso Anaya se traslad\u00f3 a la Unidad Acad\u00e9mica Multidisciplinaria Reynosa Rodhe (UAMRR), donde recorri\u00f3 las instalaciones, \u00e1reas y edificios, acompa\u00f1ado del Dr. Jaime Gerardo Malacara Nav\u00e9jar, director del plantel.<\/p>\n\n\n\n<p>Tambi\u00e9n se reuni\u00f3 con directivos, docentes y estudiantes, e hizo la entrega simb\u00f3lica de chamarras para los jugadores y cuerpo t\u00e9cnico del equipo de futbol americano.<\/p>\n","protected":false},"excerpt":{"rendered":"\u00b7 \u25cf El MVZ D\u00e1maso Anaya hizo un recorrido por las dependencias de la UAT en Reynosa, donde reiter\u00f3 su respaldo a las iniciativas de los universitarios para seguir fortaleciendo a la m\u00e1xima casa de estudios de Tamaulipas. En el marco de la gira de diagn\u00f3stico que lleva a cabo en las dependencias educativas de","protected":false},"author":1,"featured_media":1921,"comment_status":"open","ping_status":"open","sticky":false,"template":"","format":"standard","meta":{"_monsterinsights_skip_tracking":false,"_monsterinsights_sitenote_active":false,"_monsterinsights_sitenote_note":"","_monsterinsights_sitenote_category":0,"footnotes":""},"categories":[3],"tags":[],"class_list":["post-1920","post","type-post","status-publish","format-standard","has-post-thumbnail","hentry","category-noticias"],"aioseo_notices":[],"amp_enabled":true,"_links":{"self":[{"href":"https:\/\/tamaulipasmiregion.com\/index.php?rest_route=\/wp\/v2\/posts\/1920","targetHints":{"allow":["GET"]}}],"collection":[{"href":"https:\/\/tamaulipasmiregion.com\/index.php?rest_route=\/wp\/v2\/posts"}],"about":[{"href":"https:\/\/tamaulipasmiregion.com\/index.php?rest_route=\/wp\/v2\/types\/post"}],"author":[{"embeddable":true,"href":"https:\/\/tamaulipasmiregion.com\/index.php?rest_route=\/wp\/v2\/users\/1"}],"replies":[{"embeddable":true,"href":"https:\/\/tamaulipasmiregion.com\/index.php?rest_route=%2Fwp%2Fv2%2Fcomments&post=1920"}],"version-history":[{"count":1,"href":"https:\/\/tamaulipasmiregion.com\/index.php?rest_route=\/wp\/v2\/posts\/1920\/revisions"}],"predecessor-version":[{"id":1922,"href":"https:\/\/tamaulipasmiregion.com\/index.php?rest_route=\/wp\/v2\/posts\/1920\/revisions\/1922"}],"wp:featuredmedia":[{"embeddable":true,"href":"https:\/\/tamaulipasmiregion.com\/index.php?rest_route=\/wp\/v2\/media\/1921"}],"wp:attachment":[{"href":"https:\/\/tamaulipasmiregion.com\/index.php?rest_route=%2Fwp%2Fv2%2Fmedia&parent=1920"}],"wp:term":[{"taxonomy":"category","embeddable":true,"href":"https:\/\/tamaulipasmiregion.com\/index.php?rest_route=%2Fwp%2Fv2%2Fcategories&post=1920"},{"taxonomy":"post_tag","embeddable":true,"href":"https:\/\/tamaulipasmiregion.com\/index.php?rest_route=%2Fwp%2Fv2%2Ftags&post=1920"}],"curies":[{"name":"wp","href":"https:\/\/api.w.org\/{rel}","templated":true}]}}