{"id":1923,"date":"2024-03-08T19:25:44","date_gmt":"2024-03-08T19:25:44","guid":{"rendered":"https:\/\/tamaulipasmiregion.com\/?p=1923"},"modified":"2024-03-13T19:27:19","modified_gmt":"2024-03-13T19:27:19","slug":"preside-isolda-rendon-evento-de-la-uat-por-el-dia-internacional-de-la-mujer","status":"publish","type":"post","link":"https:\/\/tamaulipasmiregion.com\/?p=1923","title":{"rendered":"Preside Isolda Rend\u00f3n evento de la UAT por el D\u00eda Internacional de la Mujer"},"content":{"rendered":"\n<p> <\/p>\n\n\n\n<p><\/p>\n\n\n\n<p>Con la asistencia de la Lic. Isolda Rend\u00f3n de Anaya, presidenta del voluntariado universitario Familia UAT, se llev\u00f3 a cabo la presentaci\u00f3n de la conferencia \u00abMujer universitaria\u00bb, impartida dentro de las actividades organizadas por la Universidad Aut\u00f3noma de Tamaulipas con motivo del D\u00eda Internacional de la Mujer.<\/p>\n\n\n\n<p>En el evento realizado en el auditorio de la Unidad Acad\u00e9mica de Trabajo Social y <a><\/a>Ciencias para el Desarrollo Humano (UATSCDH), la Lic. Isolda Rend\u00f3n, en representaci\u00f3n de su esposo, el rector de la UAT, MVZ D\u00e1maso Anaya Alvarado, le hizo entrega de un reconocimiento a la conferencista, Mtra. Gloria Luz Gatica Jim\u00e9nez, por su contribuci\u00f3n al impulso de la agenda de g\u00e9nero en la instituci\u00f3n.<\/p>\n\n\n\n<p>Se destac\u00f3 en este marco el compromiso de la Universidad con la igualdad de g\u00e9nero y la promoci\u00f3n de los derechos de la mujer en la sociedad, reconociendo el valor y la lucha de las mujeres en Tamaulipas.<\/p>\n\n\n\n<p>En el evento estuvo presente la Mtra. Laura Garc\u00eda \u00c1lvarez, coordinadora ejecutiva de Familia UAT, estudiantes universitarias y representantes de facultades como Enfermer\u00eda Victoria (FEV), Comercio y Administraci\u00f3n Victoria (FCAV), Trabajo Social y Ciencias para el Desarrollo Humano (UATSCDH), y Ciencias, Educaci\u00f3n y Humanidades (FCEH), quienes reafirmaron el compromiso de la Universidad con la causa.<\/p>\n\n\n\n<p>La Universidad Aut\u00f3noma de Tamaulipas (UAT), a trav\u00e9s de Familia UAT, desempe\u00f1\u00f3 un papel destacado en la conmemoraci\u00f3n del D\u00eda Internacional de la Mujer el 8 de marzo, al organizar la conferencia \u00abMujer universitaria\u00bb, en la que se abordaron estrategias y herramientas pr\u00e1cticas para fomentar el liderazgo y el desarrollo profesional, haciendo hincapi\u00e9 en la importancia de la educaci\u00f3n, el mentorazgo y la<\/p>\n\n\n\n<p>colaboraci\u00f3n entre pares como medios para potenciar el talento y la capacidad de las mujeres en todos los \u00e1mbitos de la sociedad.<\/p>\n\n\n\n<p>Gloria Luz Gatica Jim\u00e9nez, reconocida mentora, coach y conferencista, comparti\u00f3 su experiencia y conocimientos para concientizar a los asistentes sobre la importancia de establecer relaciones de respeto y equidad entre hombres y mujeres en todos los \u00e1mbitos de la sociedad.<\/p>\n\n\n\n<p>La conferencia proporcion\u00f3 un espacio valioso para el intercambio de ideas, el aprendizaje mutuo y la construcci\u00f3n de redes de apoyo entre mujeres universitarias y profesionales.<\/p>\n","protected":false},"excerpt":{"rendered":"Con la asistencia de la Lic. Isolda Rend\u00f3n de Anaya, presidenta del voluntariado universitario Familia UAT, se llev\u00f3 a cabo la presentaci\u00f3n de la conferencia \u00abMujer universitaria\u00bb, impartida dentro de las actividades organizadas por la Universidad Aut\u00f3noma de Tamaulipas con motivo del D\u00eda Internacional de la Mujer. En el evento realizado en el auditorio de","protected":false},"author":1,"featured_media":1924,"comment_status":"open","ping_status":"open","sticky":false,"template":"","format":"standard","meta":{"_monsterinsights_skip_tracking":false,"_monsterinsights_sitenote_active":false,"_monsterinsights_sitenote_note":"","_monsterinsights_sitenote_category":0,"footnotes":""},"categories":[3],"tags":[],"class_list":["post-1923","post","type-post","status-publish","format-standard","has-post-thumbnail","hentry","category-noticias"],"aioseo_notices":[],"amp_enabled":true,"_links":{"self":[{"href":"https:\/\/tamaulipasmiregion.com\/index.php?rest_route=\/wp\/v2\/posts\/1923","targetHints":{"allow":["GET"]}}],"collection":[{"href":"https:\/\/tamaulipasmiregion.com\/index.php?rest_route=\/wp\/v2\/posts"}],"about":[{"href":"https:\/\/tamaulipasmiregion.com\/index.php?rest_route=\/wp\/v2\/types\/post"}],"author":[{"embeddable":true,"href":"https:\/\/tamaulipasmiregion.com\/index.php?rest_route=\/wp\/v2\/users\/1"}],"replies":[{"embeddable":true,"href":"https:\/\/tamaulipasmiregion.com\/index.php?rest_route=%2Fwp%2Fv2%2Fcomments&post=1923"}],"version-history":[{"count":1,"href":"https:\/\/tamaulipasmiregion.com\/index.php?rest_route=\/wp\/v2\/posts\/1923\/revisions"}],"predecessor-version":[{"id":1925,"href":"https:\/\/tamaulipasmiregion.com\/index.php?rest_route=\/wp\/v2\/posts\/1923\/revisions\/1925"}],"wp:featuredmedia":[{"embeddable":true,"href":"https:\/\/tamaulipasmiregion.com\/index.php?rest_route=\/wp\/v2\/media\/1924"}],"wp:attachment":[{"href":"https:\/\/tamaulipasmiregion.com\/index.php?rest_route=%2Fwp%2Fv2%2Fmedia&parent=1923"}],"wp:term":[{"taxonomy":"category","embeddable":true,"href":"https:\/\/tamaulipasmiregion.com\/index.php?rest_route=%2Fwp%2Fv2%2Fcategories&post=1923"},{"taxonomy":"post_tag","embeddable":true,"href":"https:\/\/tamaulipasmiregion.com\/index.php?rest_route=%2Fwp%2Fv2%2Ftags&post=1923"}],"curies":[{"name":"wp","href":"https:\/\/api.w.org\/{rel}","templated":true}]}}