{"id":1947,"date":"2024-03-09T01:45:05","date_gmt":"2024-03-09T01:45:05","guid":{"rendered":"https:\/\/tamaulipasmiregion.com\/?p=1947"},"modified":"2024-03-31T01:46:16","modified_gmt":"2024-03-31T01:46:16","slug":"fortalece-uat-su-compromiso-con-la-transparencia-y-rendicion-de-cuentas","status":"publish","type":"post","link":"https:\/\/tamaulipasmiregion.com\/?p=1947","title":{"rendered":"Fortalece UAT su compromiso con la transparencia y rendici\u00f3n de cuentas"},"content":{"rendered":"\n<p> <\/p>\n\n\n\n<p><\/p>\n\n\n\n<p>La Universidad Aut\u00f3noma de Tamaulipas (UAT) ha consolidado su compromiso institucional con la transparencia y la rendici\u00f3n de cuentas mediante una capacitaci\u00f3n espec\u00edfica centrada en las medidas establecidas por el Instituto de Transparencia y Acceso a la Informaci\u00f3n de Tamaulipas (ITAIT).<\/p>\n\n\n\n<p>En ese contexto, el ITAIT imparti\u00f3 un curso dirigido a los enlaces de transparencia de las diversas dependencias de la <a><\/a>UAT, donde se destac\u00f3 la importancia fundamental de cumplir con las disposiciones legales en materia de transparencia en el desempe\u00f1o de las funciones universitarias.<\/p>\n\n\n\n<p>El curso, celebrado el 7 de marzo en el Centro de Excelencia del Campus Victoria, cont\u00f3 con la participaci\u00f3n de la Lic. Rosalba Ivette Robinson Ter\u00e1n, comisionada del ITAIT, y la Lic. Suheidy S\u00e1nchez Lara, secretaria ejecutiva de ese instituto.<\/p>\n\n\n\n<p>Por parte de la UAT se cont\u00f3 con la presencia de la C. P. Mar\u00eda del Rosario Flores Salom\u00f3n, titular del \u00d3rgano Interno de Control, y del Lic. C\u00e9sar Abraham Ram\u00edrez Rosas, titular de la Unidad de Transparencia, Acceso a la Informaci\u00f3n P\u00fablica y Protecci\u00f3n de Datos Personales UAT.<\/p>\n\n\n\n<p>Este evento, realizado en colaboraci\u00f3n entre ambas entidades, subraya el compromiso compartido para fomentar la transparencia en la gesti\u00f3n p\u00fablica y enfatiza la sinton\u00eda de la Universidad con los principios de transparencia y buen gobierno.<\/p>\n\n\n\n<p>Se abordaron aspectos cr\u00edticos como la gesti\u00f3n de solicitudes de acceso a la informaci\u00f3n y las posibles repercusiones legales y financieras en caso de incumplimiento.<\/p>\n\n\n\n<p>La rendici\u00f3n de cuentas y el acceso a la informaci\u00f3n p\u00fablica son esenciales para una gesti\u00f3n gubernamental \u00e9tica y responsable, y, en ese sentido, la UAT reconoce la necesidad de capacitar a su personal para garantizar el cumplimiento cabal de estas normativas.<\/p>\n\n\n\n<p>Este evento representa un paso significativo en la promoci\u00f3n de la transparencia y demuestra el liderazgo y la responsabilidad social de la UAT en el cumplimiento de los m\u00e1s altos est\u00e1ndares de integridad y buen gobierno.<\/p>\n\n\n\n<p><a href=\"https:\/\/www.facebook.com\/photo\/?fbid=894152392516422&amp;set=a.504585951473070&amp;__cft__[0]=AZV-hUfPKPYv6sxYsUXeWAH859Tdkxx67qvw0WMFOQr0NrNOvkQ880Bnh9lOysOBMWX_63RldQhp_b8cYoQzlWfxuHRt8ZLCwqOBZmZV1Os7ArCk7cD28-QRbj5ZkXd6qyiPtluRQ9Ym8Ajqg6OMYZ5HN8WJwM_E4wFigTvTFuQdueiAX4pyqO-Ijx6OtybyHy0&amp;__tn__=EH-R\"><\/a><\/p>\n\n\n\n<p>Ver estad\u00edsticas y anuncios<\/p>\n\n\n\n<p><a href=\"https:\/\/www.facebook.com\/ad_center\/create\/boostpost\/?entry_point=www_profile_plus_timeline&amp;page_id=812622985756024&amp;target_id=894152459183082&amp;__cft__[0]=AZV-hUfPKPYv6sxYsUXeWAH859Tdkxx67qvw0WMFOQr0NrNOvkQ880Bnh9lOysOBMWX_63RldQhp_b8cYoQzlWfxuHRt8ZLCwqOBZmZV1Os7ArCk7cD28-QRbj5ZkXd6qyiPtluRQ9Ym8Ajqg6OMYZ5HN8WJwM_E4wFigTvTFuQdueiAX4pyqO-Ijx6OtybyHy0&amp;__tn__=*W-R\"><\/a><\/p>\n\n\n\n<p><a href=\"https:\/\/www.facebook.com\/ad_center\/create\/boostpost\/?entry_point=www_profile_plus_timeline&amp;page_id=812622985756024&amp;target_id=894152459183082&amp;__cft__[0]=AZV-hUfPKPYv6sxYsUXeWAH859Tdkxx67qvw0WMFOQr0NrNOvkQ880Bnh9lOysOBMWX_63RldQhp_b8cYoQzlWfxuHRt8ZLCwqOBZmZV1Os7ArCk7cD28-QRbj5ZkXd6qyiPtluRQ9Ym8Ajqg6OMYZ5HN8WJwM_E4wFigTvTFuQdueiAX4pyqO-Ijx6OtybyHy0&amp;__tn__=*W-R\">Promocionar publicaci\u00f3n<\/a><\/p>\n\n\n\n<p>Me gusta<\/p>\n\n\n\n<p>Comentar<\/p>\n\n\n\n<p>Compartir<\/p>\n","protected":false},"excerpt":{"rendered":"La Universidad Aut\u00f3noma de Tamaulipas (UAT) ha consolidado su compromiso institucional con la transparencia y la rendici\u00f3n de cuentas mediante una capacitaci\u00f3n espec\u00edfica centrada en las medidas establecidas por el Instituto de Transparencia y Acceso a la Informaci\u00f3n de Tamaulipas (ITAIT). En ese contexto, el ITAIT imparti\u00f3 un curso dirigido a los enlaces de transparencia","protected":false},"author":1,"featured_media":1948,"comment_status":"open","ping_status":"open","sticky":false,"template":"","format":"standard","meta":{"_monsterinsights_skip_tracking":false,"_monsterinsights_sitenote_active":false,"_monsterinsights_sitenote_note":"","_monsterinsights_sitenote_category":0,"footnotes":""},"categories":[3],"tags":[],"class_list":["post-1947","post","type-post","status-publish","format-standard","has-post-thumbnail","hentry","category-noticias"],"aioseo_notices":[],"amp_enabled":true,"_links":{"self":[{"href":"https:\/\/tamaulipasmiregion.com\/index.php?rest_route=\/wp\/v2\/posts\/1947","targetHints":{"allow":["GET"]}}],"collection":[{"href":"https:\/\/tamaulipasmiregion.com\/index.php?rest_route=\/wp\/v2\/posts"}],"about":[{"href":"https:\/\/tamaulipasmiregion.com\/index.php?rest_route=\/wp\/v2\/types\/post"}],"author":[{"embeddable":true,"href":"https:\/\/tamaulipasmiregion.com\/index.php?rest_route=\/wp\/v2\/users\/1"}],"replies":[{"embeddable":true,"href":"https:\/\/tamaulipasmiregion.com\/index.php?rest_route=%2Fwp%2Fv2%2Fcomments&post=1947"}],"version-history":[{"count":1,"href":"https:\/\/tamaulipasmiregion.com\/index.php?rest_route=\/wp\/v2\/posts\/1947\/revisions"}],"predecessor-version":[{"id":1949,"href":"https:\/\/tamaulipasmiregion.com\/index.php?rest_route=\/wp\/v2\/posts\/1947\/revisions\/1949"}],"wp:featuredmedia":[{"embeddable":true,"href":"https:\/\/tamaulipasmiregion.com\/index.php?rest_route=\/wp\/v2\/media\/1948"}],"wp:attachment":[{"href":"https:\/\/tamaulipasmiregion.com\/index.php?rest_route=%2Fwp%2Fv2%2Fmedia&parent=1947"}],"wp:term":[{"taxonomy":"category","embeddable":true,"href":"https:\/\/tamaulipasmiregion.com\/index.php?rest_route=%2Fwp%2Fv2%2Fcategories&post=1947"},{"taxonomy":"post_tag","embeddable":true,"href":"https:\/\/tamaulipasmiregion.com\/index.php?rest_route=%2Fwp%2Fv2%2Ftags&post=1947"}],"curies":[{"name":"wp","href":"https:\/\/api.w.org\/{rel}","templated":true}]}}