{"id":1950,"date":"2024-03-10T01:46:44","date_gmt":"2024-03-10T01:46:44","guid":{"rendered":"https:\/\/tamaulipasmiregion.com\/?p=1950"},"modified":"2024-03-31T01:48:28","modified_gmt":"2024-03-31T01:48:28","slug":"entrega-el-rector-damaso-anaya-nombramientos-a-titulares-de-las-secretarias-de-la-uat","status":"publish","type":"post","link":"https:\/\/tamaulipasmiregion.com\/?p=1950","title":{"rendered":"Entrega el rector D\u00e1maso Anaya nombramientos a titulares de las secretar\u00edas de la UAT"},"content":{"rendered":"\n<p> <\/p>\n\n\n\n<p><\/p>\n\n\n\n<p>El rector de la Universidad Aut\u00f3noma de Tamaulipas (UAT), MVZ D\u00e1maso Leonardo Anaya Alvarado, entreg\u00f3 nombramientos a titulares de las secretar\u00edas que conformar\u00e1n su gabinete en la administraci\u00f3n de esta casa de estudios para el periodo rectoral 2024-2028.<\/p>\n\n\n\n<p>Al presidir la Segunda Reuni\u00f3n del Colegio de Directores en el Campus Victoria, D\u00e1maso Anaya se\u00f1al\u00f3 que los nombramientos obedecen al orden <a><\/a>administrativo de la UAT y son importantes para dar continuidad a su proyecto de trabajo al frente de la instituci\u00f3n.<\/p>\n\n\n\n<p>Durante la sesi\u00f3n realizada en el Centro de Gesti\u00f3n del Conocimiento del Campus Victoria, el rector design\u00f3 en la Secretar\u00eda General al Dr. Eduardo Arvizu S\u00e1nchez, en la Secretar\u00eda Acad\u00e9mica a la Dra. Rosa Issel Acosta Gonz\u00e1lez y en la Secretar\u00eda de Administraci\u00f3n al Lic. Marco Antonio Batarse Contreras.<\/p>\n\n\n\n<p>En la Secretar\u00eda de Finanzas design\u00f3 al Mtro. Eduardo Garc\u00eda Fuentes, en la Secretar\u00eda de Investigaci\u00f3n y Posgrado al Dr. Fernando Leal R\u00edos, en la Secretar\u00eda de Gesti\u00f3n Escolar a la Dra. Alma Amalia Hern\u00e1ndez Ilizaliturri, en la Secretar\u00eda de Vinculaci\u00f3n al MVZ Rogelio de Jes\u00fas Ram\u00edrez Flores y en la Secretar\u00eda de Comunicaci\u00f3n y Difusi\u00f3n al Mtro. Manuel Mario Aguilar Gonz\u00e1lez.<\/p>\n\n\n\n<p>El MVZ D\u00e1maso Anaya agradeci\u00f3 la presencia de los directores de las escuelas, unidades acad\u00e9micas y facultades de la UAT, y resalt\u00f3 los avances en \u00e1reas como la academia, vinculaci\u00f3n y servicios escolares, que tienen como prop\u00f3sito ofrecer mejores herramientas a estudiantes y docentes.<\/p>\n\n\n\n<p>Asimismo, reconoci\u00f3 el esfuerzo de directoras y directores en este trabajo colegiado que busca estructurar y poner en marcha proyectos importantes para el<\/p>\n\n\n\n<p>desarrollo de la UAT, subrayando que, en labor de equipo, se va a transitar a la excelencia educativa.<\/p>\n\n\n\n<p>Apunt\u00f3 que se preparan modificaciones en los sistemas administrativos y acad\u00e9micos de la UAT, a fin de ofrecer mejores servicios escolares a los estudiantes.<\/p>\n\n\n\n<p>Indic\u00f3 que tambi\u00e9n se busca hacer de la UAT un ente m\u00e1s eficiente en el tema financiero y se\u00f1al\u00f3 que en materia de vinculaci\u00f3n se buscar\u00e1 integrar proyectos con diferentes sectores de la sociedad, adem\u00e1s de fortalecer los programas como el intercambio acad\u00e9mico con universidades nacionales y extranjeras.<\/p>\n","protected":false},"excerpt":{"rendered":"El rector de la Universidad Aut\u00f3noma de Tamaulipas (UAT), MVZ D\u00e1maso Leonardo Anaya Alvarado, entreg\u00f3 nombramientos a titulares de las secretar\u00edas que conformar\u00e1n su gabinete en la administraci\u00f3n de esta casa de estudios para el periodo rectoral 2024-2028. Al presidir la Segunda Reuni\u00f3n del Colegio de Directores en el Campus Victoria, D\u00e1maso Anaya se\u00f1al\u00f3 que","protected":false},"author":1,"featured_media":1951,"comment_status":"open","ping_status":"open","sticky":false,"template":"","format":"standard","meta":{"_monsterinsights_skip_tracking":false,"_monsterinsights_sitenote_active":false,"_monsterinsights_sitenote_note":"","_monsterinsights_sitenote_category":0,"footnotes":""},"categories":[3],"tags":[],"class_list":["post-1950","post","type-post","status-publish","format-standard","has-post-thumbnail","hentry","category-noticias"],"aioseo_notices":[],"amp_enabled":true,"_links":{"self":[{"href":"https:\/\/tamaulipasmiregion.com\/index.php?rest_route=\/wp\/v2\/posts\/1950","targetHints":{"allow":["GET"]}}],"collection":[{"href":"https:\/\/tamaulipasmiregion.com\/index.php?rest_route=\/wp\/v2\/posts"}],"about":[{"href":"https:\/\/tamaulipasmiregion.com\/index.php?rest_route=\/wp\/v2\/types\/post"}],"author":[{"embeddable":true,"href":"https:\/\/tamaulipasmiregion.com\/index.php?rest_route=\/wp\/v2\/users\/1"}],"replies":[{"embeddable":true,"href":"https:\/\/tamaulipasmiregion.com\/index.php?rest_route=%2Fwp%2Fv2%2Fcomments&post=1950"}],"version-history":[{"count":1,"href":"https:\/\/tamaulipasmiregion.com\/index.php?rest_route=\/wp\/v2\/posts\/1950\/revisions"}],"predecessor-version":[{"id":1952,"href":"https:\/\/tamaulipasmiregion.com\/index.php?rest_route=\/wp\/v2\/posts\/1950\/revisions\/1952"}],"wp:featuredmedia":[{"embeddable":true,"href":"https:\/\/tamaulipasmiregion.com\/index.php?rest_route=\/wp\/v2\/media\/1951"}],"wp:attachment":[{"href":"https:\/\/tamaulipasmiregion.com\/index.php?rest_route=%2Fwp%2Fv2%2Fmedia&parent=1950"}],"wp:term":[{"taxonomy":"category","embeddable":true,"href":"https:\/\/tamaulipasmiregion.com\/index.php?rest_route=%2Fwp%2Fv2%2Fcategories&post=1950"},{"taxonomy":"post_tag","embeddable":true,"href":"https:\/\/tamaulipasmiregion.com\/index.php?rest_route=%2Fwp%2Fv2%2Ftags&post=1950"}],"curies":[{"name":"wp","href":"https:\/\/api.w.org\/{rel}","templated":true}]}}