{"id":1968,"date":"2024-03-17T01:56:33","date_gmt":"2024-03-17T01:56:33","guid":{"rendered":"https:\/\/tamaulipasmiregion.com\/?p=1968"},"modified":"2024-03-31T01:57:42","modified_gmt":"2024-03-31T01:57:42","slug":"fortalecera-uat-su-participacion-en-la-agenda-para-el-desarrollo-y-el-progreso-sostenible-de-tamaulipas","status":"publish","type":"post","link":"https:\/\/tamaulipasmiregion.com\/?p=1968","title":{"rendered":"Fortalecer\u00e1 UAT su participaci\u00f3n en la agenda para el desarrollo y el progreso sostenible de Tamaulipas"},"content":{"rendered":"\n<p> <\/p>\n\n\n\n<p><\/p>\n\n\n\n<p>El rector de la Universidad Aut\u00f3noma de Tamaulipas (UAT), MVZ D\u00e1maso Anaya Alvarado, anunci\u00f3 la creaci\u00f3n de un comit\u00e9 t\u00e9cnico destinado a abordar de manera coordinada los desaf\u00edos de desarrollo del estado.<\/p>\n\n\n\n<p>En su mensaje durante la ceremonia de investidura como rector de la UAT, D\u00e1maso Anaya dio a conocer que este organismo, en proceso de formaci\u00f3n, reunir\u00e1 a expertos de <a><\/a>diversos campos del conocimiento con el objetivo de ofrecer soluciones innovadoras y eficaces para el progreso de la regi\u00f3n.<\/p>\n\n\n\n<p>Mencion\u00f3 que el comit\u00e9 t\u00e9cnico ser\u00e1 fundamental para canalizar las capacidades acad\u00e9micas de la Universidad hacia la resoluci\u00f3n de problem\u00e1ticas concretas que enfrenta Tamaulipas.<\/p>\n\n\n\n<p>\u201cEste comit\u00e9 permitir\u00e1 la colaboraci\u00f3n entre la academia, el gobierno estatal y sectores empresariales e industriales, con el fin de identificar y priorizar acciones que impulsen el desarrollo sostenible y equitativo de nuestro estado\u201d, afirm\u00f3.<\/p>\n\n\n\n<p>La iniciativa surge en un contexto de transformaci\u00f3n y crecimiento de la UAT, que busca posicionarse como un actor clave en la promoci\u00f3n del progreso regional.<\/p>\n\n\n\n<p>Adem\u00e1s de trabajar en estrecha colaboraci\u00f3n con el gobierno estatal, el comit\u00e9 tambi\u00e9n se vincular\u00e1 con diferentes sectores de la sociedad civil, con el objetivo de garantizar una participaci\u00f3n inclusiva y diversa en la definici\u00f3n de pol\u00edticas y proyectos de desarrollo.<\/p>\n\n\n\n<p>Inform\u00f3 que se enfocar\u00e1 en temas clave como la educaci\u00f3n, la investigaci\u00f3n cient\u00edfica, la innovaci\u00f3n tecnol\u00f3gica, la sustentabilidad ambiental y el desarrollo econ\u00f3mico, y se espera que su labor contribuya significativamente a la mejora de la calidad de vida de los habitantes de Tamaulipas y al fortalecimiento de su tejido social y econ\u00f3mico.<\/p>\n\n\n\n<p>El rector D\u00e1maso Anaya puntualiz\u00f3 que esta iniciativa refleja el compromiso de la UAT con su responsabilidad social y su visi\u00f3n de ser un motor de cambio positivo en la regi\u00f3n, reafirmando as\u00ed su papel como agente de transformaci\u00f3n y progreso, trabajando con diferentes actores para construir un futuro m\u00e1s pr\u00f3spero para todos los tamaulipecos.<\/p>\n","protected":false},"excerpt":{"rendered":"El rector de la Universidad Aut\u00f3noma de Tamaulipas (UAT), MVZ D\u00e1maso Anaya Alvarado, anunci\u00f3 la creaci\u00f3n de un comit\u00e9 t\u00e9cnico destinado a abordar de manera coordinada los desaf\u00edos de desarrollo del estado. En su mensaje durante la ceremonia de investidura como rector de la UAT, D\u00e1maso Anaya dio a conocer que este organismo, en proceso","protected":false},"author":1,"featured_media":1969,"comment_status":"open","ping_status":"open","sticky":false,"template":"","format":"standard","meta":{"_monsterinsights_skip_tracking":false,"_monsterinsights_sitenote_active":false,"_monsterinsights_sitenote_note":"","_monsterinsights_sitenote_category":0,"footnotes":""},"categories":[3],"tags":[],"class_list":["post-1968","post","type-post","status-publish","format-standard","has-post-thumbnail","hentry","category-noticias"],"aioseo_notices":[],"amp_enabled":true,"_links":{"self":[{"href":"https:\/\/tamaulipasmiregion.com\/index.php?rest_route=\/wp\/v2\/posts\/1968","targetHints":{"allow":["GET"]}}],"collection":[{"href":"https:\/\/tamaulipasmiregion.com\/index.php?rest_route=\/wp\/v2\/posts"}],"about":[{"href":"https:\/\/tamaulipasmiregion.com\/index.php?rest_route=\/wp\/v2\/types\/post"}],"author":[{"embeddable":true,"href":"https:\/\/tamaulipasmiregion.com\/index.php?rest_route=\/wp\/v2\/users\/1"}],"replies":[{"embeddable":true,"href":"https:\/\/tamaulipasmiregion.com\/index.php?rest_route=%2Fwp%2Fv2%2Fcomments&post=1968"}],"version-history":[{"count":1,"href":"https:\/\/tamaulipasmiregion.com\/index.php?rest_route=\/wp\/v2\/posts\/1968\/revisions"}],"predecessor-version":[{"id":1970,"href":"https:\/\/tamaulipasmiregion.com\/index.php?rest_route=\/wp\/v2\/posts\/1968\/revisions\/1970"}],"wp:featuredmedia":[{"embeddable":true,"href":"https:\/\/tamaulipasmiregion.com\/index.php?rest_route=\/wp\/v2\/media\/1969"}],"wp:attachment":[{"href":"https:\/\/tamaulipasmiregion.com\/index.php?rest_route=%2Fwp%2Fv2%2Fmedia&parent=1968"}],"wp:term":[{"taxonomy":"category","embeddable":true,"href":"https:\/\/tamaulipasmiregion.com\/index.php?rest_route=%2Fwp%2Fv2%2Fcategories&post=1968"},{"taxonomy":"post_tag","embeddable":true,"href":"https:\/\/tamaulipasmiregion.com\/index.php?rest_route=%2Fwp%2Fv2%2Ftags&post=1968"}],"curies":[{"name":"wp","href":"https:\/\/api.w.org\/{rel}","templated":true}]}}