{"id":1982,"date":"2024-03-22T02:04:18","date_gmt":"2024-03-22T02:04:18","guid":{"rendered":"https:\/\/tamaulipasmiregion.com\/?p=1982"},"modified":"2024-03-31T02:06:14","modified_gmt":"2024-03-31T02:06:14","slug":"preside-isolda-rendon-el-festival-de-primavera-2024-del-circulo-infantil-uat","status":"publish","type":"post","link":"https:\/\/tamaulipasmiregion.com\/?p=1982","title":{"rendered":"Preside Isolda Rend\u00f3n el Festival de Primavera 2024 del C\u00edrculo Infantil UAT"},"content":{"rendered":"\n<p>  <\/p>\n\n\n\n<p><\/p>\n\n\n\n<p>Con la presencia de la Lic. Isolda Rend\u00f3n de Anaya, presidenta del voluntariado universitario Familia UAT, el C\u00edrculo de Desarrollo Infantil Victoria de la Universidad Aut\u00f3noma de Tamaulipas llev\u00f3 a cabo con gran \u00e9xito el Festival de Primavera 2024, evento que celebra la belleza de la temporada primaveral y el esp\u00edritu comunitario.<\/p>\n\n\n\n<p>Los peque\u00f1os que forman parte del C\u00edrculo de Desarrollo Infantil, <a><\/a>destinado a la formaci\u00f3n de hijos de estudiantes universitarios, fueron los protagonistas de esta celebraci\u00f3n, donde participaron entusiastamente en el cl\u00e1sico desfile de la primavera y en la coronaci\u00f3n del Rey y la Reina 2024, eventos que destacaron su creatividad y habilidades.<\/p>\n\n\n\n<p>La Lic. Isolda Julieta Rend\u00f3n de Anaya resalt\u00f3 la importancia de estas actividades para fomentar el sentido de comunidad y promover el bienestar de los m\u00e1s peque\u00f1os dentro del \u00e1mbito universitario, como as\u00ed lo ha manifestado su esposo, el rector D\u00e1maso Anaya Alvarado.<\/p>\n\n\n\n<p>Reconoci\u00f3 el apoyo y la participaci\u00f3n de padres y madres universitarios en la celebraci\u00f3n, y elogi\u00f3 el talento de los ni\u00f1os y ni\u00f1as que participaron en este evento festivo y lleno de energ\u00eda positiva.<\/p>\n\n\n\n<p>En el evento, estuvo acompa\u00f1ada por la Mtra. Laura Garc\u00eda \u00c1lvarez, coordinadora de Familia UAT, y la Mtra. Carolina Orteg\u00f3n Ram\u00edrez, directora del Centro de Desarrollo Infantil de Victoria, as\u00ed como directoras de otros centros de atenci\u00f3n infantil de la UAT, comunidad universitaria, familiares, padres y madres de los peque\u00f1os participantes.<\/p>\n\n\n\n<p>Los asistentes disfrutaron del desfile de primavera que recorri\u00f3 todo el Centro Universitario Victoria, donde cada participante mostr\u00f3 su creatividad en los carros aleg\u00f3ricos y disfraces alusivos a la temporada. Adem\u00e1s, se llev\u00f3 a cabo la Coronaci\u00f3n del Rey y la Reina 2024.<\/p>\n","protected":false},"excerpt":{"rendered":"Con la presencia de la Lic. Isolda Rend\u00f3n de Anaya, presidenta del voluntariado universitario Familia UAT, el C\u00edrculo de Desarrollo Infantil Victoria de la Universidad Aut\u00f3noma de Tamaulipas llev\u00f3 a cabo con gran \u00e9xito el Festival de Primavera 2024, evento que celebra la belleza de la temporada primaveral y el esp\u00edritu comunitario. Los peque\u00f1os que","protected":false},"author":1,"featured_media":1983,"comment_status":"open","ping_status":"open","sticky":false,"template":"","format":"standard","meta":{"_monsterinsights_skip_tracking":false,"_monsterinsights_sitenote_active":false,"_monsterinsights_sitenote_note":"","_monsterinsights_sitenote_category":0,"footnotes":""},"categories":[3],"tags":[],"class_list":["post-1982","post","type-post","status-publish","format-standard","has-post-thumbnail","hentry","category-noticias"],"aioseo_notices":[],"amp_enabled":true,"_links":{"self":[{"href":"https:\/\/tamaulipasmiregion.com\/index.php?rest_route=\/wp\/v2\/posts\/1982","targetHints":{"allow":["GET"]}}],"collection":[{"href":"https:\/\/tamaulipasmiregion.com\/index.php?rest_route=\/wp\/v2\/posts"}],"about":[{"href":"https:\/\/tamaulipasmiregion.com\/index.php?rest_route=\/wp\/v2\/types\/post"}],"author":[{"embeddable":true,"href":"https:\/\/tamaulipasmiregion.com\/index.php?rest_route=\/wp\/v2\/users\/1"}],"replies":[{"embeddable":true,"href":"https:\/\/tamaulipasmiregion.com\/index.php?rest_route=%2Fwp%2Fv2%2Fcomments&post=1982"}],"version-history":[{"count":1,"href":"https:\/\/tamaulipasmiregion.com\/index.php?rest_route=\/wp\/v2\/posts\/1982\/revisions"}],"predecessor-version":[{"id":1984,"href":"https:\/\/tamaulipasmiregion.com\/index.php?rest_route=\/wp\/v2\/posts\/1982\/revisions\/1984"}],"wp:featuredmedia":[{"embeddable":true,"href":"https:\/\/tamaulipasmiregion.com\/index.php?rest_route=\/wp\/v2\/media\/1983"}],"wp:attachment":[{"href":"https:\/\/tamaulipasmiregion.com\/index.php?rest_route=%2Fwp%2Fv2%2Fmedia&parent=1982"}],"wp:term":[{"taxonomy":"category","embeddable":true,"href":"https:\/\/tamaulipasmiregion.com\/index.php?rest_route=%2Fwp%2Fv2%2Fcategories&post=1982"},{"taxonomy":"post_tag","embeddable":true,"href":"https:\/\/tamaulipasmiregion.com\/index.php?rest_route=%2Fwp%2Fv2%2Ftags&post=1982"}],"curies":[{"name":"wp","href":"https:\/\/api.w.org\/{rel}","templated":true}]}}