{"id":2128,"date":"2024-05-06T16:45:19","date_gmt":"2024-05-06T16:45:19","guid":{"rendered":"https:\/\/tamaulipasmiregion.com\/?p=2128"},"modified":"2024-05-08T16:46:51","modified_gmt":"2024-05-08T16:46:51","slug":"la-uat-avanza-con-paso-firme-hacia-la-transformacion-y-la-educacionhumanista-damaso-anaya","status":"publish","type":"post","link":"https:\/\/tamaulipasmiregion.com\/?p=2128","title":{"rendered":"La UAT avanza con paso firme hacia la transformaci\u00f3n y la educaci\u00f3nhumanista: D\u00e1maso Anaya"},"content":{"rendered":"\n<p><br>El rector de la Universidad Auto noma de Tamaulipas (UAT) MVZ Da maso Leonardo<br>Anaya Alvarado, presidio en el Campus Victoria la ceremonia de Honores a la Bandera,<br>y destaco que la ma xima casa de estudios de la entidad avanza con paso firme hacia la<br>transformacio n bajo la visio n humanista.<br>Durante el evento celebrado la man ana de este 6 de mayo en la Plazoleta C\u00ed vica<br>del Gimnasio Multidisciplinario Victoria, el rector Da maso Anaya sen alo que este acto<br>es una expresio n viva del compromiso de los universitarios con la patria y los ideales<br>de identidad, respeto y honor.<br>An adio que la formacio n c\u00ed vica es crucial para que los universitarios no solo se<br>formen como profesionistas competentes, sino como ciudadanos ejemplares y<br>comprometidos con su comunidad, y su pa\u00ed s.<br>Destaco el rector la importancia que tiene para la UAT celebrar este mes el D\u00ed a<br>de las Madres y el D\u00ed a del Maestro: \u201cque son esenciales no solo como actos de<br>reconocimiento, sino pilares que fortalecen la unidad de nuestra familia UAT, ayudando<br>a consolidar una visio n de comunidad que es fuente de identidad y fortaleza\u201d, expreso .<br>Da maso Anaya destaco tambie n que, celebrar las fechas conmemorativas por el<br>D\u00ed a del Trabajo y la histo rica batalla de Puebla, recuerdan la importancia de la lucha y<br>el valor frente a los desaf\u00ed os, y que son principios que deben guiar la misio n educativa<br>y el desarrollo institucional de la Universidad Auto noma de Tamaulipas.<br>Asevero que la UAT vive un contexto de renovacio n y compromiso, dando pasos<br>necesarios para el cambio, para la integridad y el progreso educativo.<br>\u201cHago un llamado a la unidad y a reforzar nuestro compromiso de avanzar juntos<br>en esta nueva ruta de la universidad humanista dedicada al desarrollo pleno de cada<br>miembro de nuestra comunidad. Sigamos adelante con orgullo y con la certeza de que,<br>cada paso que damos es en pro de un futuro ma s brillante para nuestra universidad\u201d,<br>concluyo el rector.<br>Por otra parte, informo que este mes se llevara n a cabo, mediante sendas<br>asambleas universitarias, la entrega del reconocimiento a la trayectoria del personal<br>docente; y se presentara el Plan de Desarrollo Institucional 2024-2028, cuyo<br>documento marcara la ruta futura, definiendo la nueva visio n y la misio n de la UAT.<br>Anuncio la pro xima inauguracio n de las nuevas instalaciones del CENDI UAT, que<br>bajo la nueva modalidad Guarder\u00ed a IMSS, ofrecera servicios de mejor calidad para los<br>hijos de los trabajadores universitarios.<br>Con la presencia de estudiantes, docentes, directivos y personal de las<br>dependencias universitarias, la ceremonia de Honores a la Bandera se llevo a cabo bajo<br>la organizacio n de la Unidad Acade mica de Trabajo Social y Ciencias para el Desarrollo<br>Humano.<br>En representacio n del plantel organizador, hizo uso de la palabra la Dra.<br>Guillermina de la Cruz Jime nez God\u00ed nez, directora de la institucio n acade mica, quien<br>sen alo que este acto renueva el compromiso con los valores patrios, con la identidad<br>nacional y con la misio n educativa.<br>La entonacio n del Himno Nacional Mexicano estuvo a cargo del Maestro Omar<br>Sustaita Gonza lez, el juramento a la bandera por el alumno A ngel Daniel Lumbreras<br>Sustaita; y la lectura de efeme rides de mayo, las alumnas, Edmy Issabela R\u00ed os Medrano<br>y Luisa Fernanda Alarco n Medell\u00ed n.<\/p>\n","protected":false},"excerpt":{"rendered":"El rector de la Universidad Auto noma de Tamaulipas (UAT) MVZ Da maso LeonardoAnaya Alvarado, presidio en el Campus Victoria la ceremonia de Honores a la Bandera,y destaco que la ma xima casa de estudios de la entidad avanza con paso firme hacia latransformacio n bajo la visio n humanista.Durante el evento celebrado la man","protected":false},"author":1,"featured_media":2129,"comment_status":"open","ping_status":"open","sticky":false,"template":"","format":"standard","meta":{"_monsterinsights_skip_tracking":false,"_monsterinsights_sitenote_active":false,"_monsterinsights_sitenote_note":"","_monsterinsights_sitenote_category":0,"footnotes":""},"categories":[3],"tags":[],"class_list":["post-2128","post","type-post","status-publish","format-standard","has-post-thumbnail","hentry","category-noticias"],"aioseo_notices":[],"amp_enabled":true,"_links":{"self":[{"href":"https:\/\/tamaulipasmiregion.com\/index.php?rest_route=\/wp\/v2\/posts\/2128","targetHints":{"allow":["GET"]}}],"collection":[{"href":"https:\/\/tamaulipasmiregion.com\/index.php?rest_route=\/wp\/v2\/posts"}],"about":[{"href":"https:\/\/tamaulipasmiregion.com\/index.php?rest_route=\/wp\/v2\/types\/post"}],"author":[{"embeddable":true,"href":"https:\/\/tamaulipasmiregion.com\/index.php?rest_route=\/wp\/v2\/users\/1"}],"replies":[{"embeddable":true,"href":"https:\/\/tamaulipasmiregion.com\/index.php?rest_route=%2Fwp%2Fv2%2Fcomments&post=2128"}],"version-history":[{"count":1,"href":"https:\/\/tamaulipasmiregion.com\/index.php?rest_route=\/wp\/v2\/posts\/2128\/revisions"}],"predecessor-version":[{"id":2130,"href":"https:\/\/tamaulipasmiregion.com\/index.php?rest_route=\/wp\/v2\/posts\/2128\/revisions\/2130"}],"wp:featuredmedia":[{"embeddable":true,"href":"https:\/\/tamaulipasmiregion.com\/index.php?rest_route=\/wp\/v2\/media\/2129"}],"wp:attachment":[{"href":"https:\/\/tamaulipasmiregion.com\/index.php?rest_route=%2Fwp%2Fv2%2Fmedia&parent=2128"}],"wp:term":[{"taxonomy":"category","embeddable":true,"href":"https:\/\/tamaulipasmiregion.com\/index.php?rest_route=%2Fwp%2Fv2%2Fcategories&post=2128"},{"taxonomy":"post_tag","embeddable":true,"href":"https:\/\/tamaulipasmiregion.com\/index.php?rest_route=%2Fwp%2Fv2%2Ftags&post=2128"}],"curies":[{"name":"wp","href":"https:\/\/api.w.org\/{rel}","templated":true}]}}