{"id":2139,"date":"2024-05-09T03:41:15","date_gmt":"2024-05-09T03:41:15","guid":{"rendered":"https:\/\/tamaulipasmiregion.com\/?p=2139"},"modified":"2024-05-13T03:42:44","modified_gmt":"2024-05-13T03:42:44","slug":"organiza-la-uat-dialogos-de-universitarios-con-candidatos-a-senadurias-y-diputacion-federal","status":"publish","type":"post","link":"https:\/\/tamaulipasmiregion.com\/?p=2139","title":{"rendered":"Organiza la UAT di\u00e1logos de universitarios con candidatos a senadur\u00edas y diputaci\u00f3n federal"},"content":{"rendered":"\n<p><br>La Universidad Auto noma de Tamaulipas (UAT), en coordinacio n con la Junta Local<br>Ejecutiva del Instituto Nacional Electoral (INE) y el Instituto Electoral de Tamaulipas<br>(IETAM), organizan el evento Dia logos con Universitarios, que reunira a candidatas y<br>candidatos al Senado de la Repu blica y a la Diputacio n Federal por el V Distrito Electoral<br>con la comunidad estudiantil de esta casa de estudios.<br>De acuerdo con la convocatoria emitida por la UAT, la iniciativa esta dirigida al<br>estudiantado para que participe en un ejercicio libre y democra tico que le permita hacer<br>sus planteamientos, preguntas, dudas, sugerencias o comentarios de manera directa<br>con quienes buscan un cargo de eleccio n popular en la entidad.<br>Dia logos con Universitarios se desarrollara en el auditorio del Centro de<br>Excelencia del Campus Victoria en dos sesiones, los d\u00ed as 13 y 14 de mayo, de manera<br>presencial y con transmisio n a trave s de las pa ginas de Facebook de la UAT y del IETAM;<br>adema s, se transmitira a todas las sedes de la UAT en el estado.<br>La apertura sera presidida por el MVZ Da maso Leonardo Anaya Alvarado, rector<br>de la UAT , con la presencia del Dr. Sergio Iva n Ruiz Castellot, vocal ejecutivo de la Junta<br>Local del INE en Tamaulipas; el Lic. Juan Jose Guadalupe Ramos Charre, consejero<br>presidente del IETAM; y la Lic. Italia Aracely Garc\u00ed a Lo pez, consejera electoral del<br>IETAM.<br>De acuerdo con el formato, el lunes 13 de mayo, a las 10:00 horas, sera la sesio n<br>con las personas candidatas al Senado; y el martes 14 de mayo, a las 10:00 horas, con<br>las personas candidatas a la Diputacio n Federal por el V Distrito Electoral, con cabecera<br>en Ciudad Victoria.<br>El evento es parte del compromiso de la UAT por formar estudiantes con<br>conciencia humanista, y en ese sentido, brindarles espacios que contribuyan a<br>enriquecer su preparacio n como profesionales y ciudadanos responsables con plena<br>conciencia de ejercer sus derechos civiles.<br>Mediante el modelo de dia logos juveniles, la UAT participa en el proceso electoral<br>con un esquema de equidad validado en los lineamientos del INE, y en relacio n con eso,<br>la Universidad hizo la correspondiente invitacio n a las candidatas y candidatos de<br>manera directa y oportuna a sus casas de campa\u00f1a.<\/p>\n","protected":false},"excerpt":{"rendered":"La Universidad Auto noma de Tamaulipas (UAT), en coordinacio n con la Junta LocalEjecutiva del Instituto Nacional Electoral (INE) y el Instituto Electoral de Tamaulipas(IETAM), organizan el evento Dia logos con Universitarios, que reunira a candidatas ycandidatos al Senado de la Repu blica y a la Diputacio n Federal por el V Distrito Electoralcon la","protected":false},"author":1,"featured_media":2140,"comment_status":"open","ping_status":"open","sticky":false,"template":"","format":"standard","meta":{"_monsterinsights_skip_tracking":false,"_monsterinsights_sitenote_active":false,"_monsterinsights_sitenote_note":"","_monsterinsights_sitenote_category":0,"footnotes":""},"categories":[3],"tags":[],"class_list":["post-2139","post","type-post","status-publish","format-standard","has-post-thumbnail","hentry","category-noticias"],"aioseo_notices":[],"amp_enabled":true,"_links":{"self":[{"href":"https:\/\/tamaulipasmiregion.com\/index.php?rest_route=\/wp\/v2\/posts\/2139","targetHints":{"allow":["GET"]}}],"collection":[{"href":"https:\/\/tamaulipasmiregion.com\/index.php?rest_route=\/wp\/v2\/posts"}],"about":[{"href":"https:\/\/tamaulipasmiregion.com\/index.php?rest_route=\/wp\/v2\/types\/post"}],"author":[{"embeddable":true,"href":"https:\/\/tamaulipasmiregion.com\/index.php?rest_route=\/wp\/v2\/users\/1"}],"replies":[{"embeddable":true,"href":"https:\/\/tamaulipasmiregion.com\/index.php?rest_route=%2Fwp%2Fv2%2Fcomments&post=2139"}],"version-history":[{"count":1,"href":"https:\/\/tamaulipasmiregion.com\/index.php?rest_route=\/wp\/v2\/posts\/2139\/revisions"}],"predecessor-version":[{"id":2141,"href":"https:\/\/tamaulipasmiregion.com\/index.php?rest_route=\/wp\/v2\/posts\/2139\/revisions\/2141"}],"wp:featuredmedia":[{"embeddable":true,"href":"https:\/\/tamaulipasmiregion.com\/index.php?rest_route=\/wp\/v2\/media\/2140"}],"wp:attachment":[{"href":"https:\/\/tamaulipasmiregion.com\/index.php?rest_route=%2Fwp%2Fv2%2Fmedia&parent=2139"}],"wp:term":[{"taxonomy":"category","embeddable":true,"href":"https:\/\/tamaulipasmiregion.com\/index.php?rest_route=%2Fwp%2Fv2%2Fcategories&post=2139"},{"taxonomy":"post_tag","embeddable":true,"href":"https:\/\/tamaulipasmiregion.com\/index.php?rest_route=%2Fwp%2Fv2%2Ftags&post=2139"}],"curies":[{"name":"wp","href":"https:\/\/api.w.org\/{rel}","templated":true}]}}