{"id":2192,"date":"2024-05-26T17:25:05","date_gmt":"2024-05-26T17:25:05","guid":{"rendered":"https:\/\/tamaulipasmiregion.com\/?p=2192"},"modified":"2024-05-28T17:26:44","modified_gmt":"2024-05-28T17:26:44","slug":"rinde-la-uat-emotivo-homenaje-a-su-personal-academico","status":"publish","type":"post","link":"https:\/\/tamaulipasmiregion.com\/?p=2192","title":{"rendered":"Rinde la UAT emotivo homenaje a su personal acad\u00e9mico"},"content":{"rendered":"\n<p><br>El rector D\u00e1maso Anaya Alvarado presidi\u00f3 la entrega de reconocimientos a la trayectoria<br>docente.<br>La Universidad Aut\u00f3noma de Tamaulipas (UAT) celebr\u00f3 la Asamblea Solemne de Entrega<br>de Reconocimientos a la Trayectoria Docente, en un emotivo evento que presidi\u00f3 el rector<br>D\u00e1maso Leonardo Anaya Alvarado ante directores y personal acad\u00e9mico de las facultades,<br>unidades acad\u00e9micas y escuelas de las zonas norte, centro y sur del estado.<br>El rector D\u00e1maso Anaya entreg\u00f3 reconocimientos, preseas y distinciones a un total de<br>260 docentes por su trayectoria al servicio de la Universidad.<br>Destac\u00f3 que este es un homenaje para reconocer p\u00fablicamente su dedicaci\u00f3n,<br>esfuerzo y excelencia, porque con su labor han contribuido a construir una universidad m\u00e1s<br>fuerte y comprometida con el bienestar de la sociedad.<br>\u201cUstedes son la fuerza que impulsa a nuestra instituci\u00f3n hacia la cima, convirti\u00e9ndola<br>en un referente de educaci\u00f3n de calidad y un motor de progreso para nuestro estado\u00bb, enfatiz\u00f3.<br>Hizo menciones especiales a los docentes de mayor antig\u00fcedad; entre ellos, al Dr.<br>H\u00e9ctor Capello y Garc\u00eda, Jes\u00fas Arias G\u00f3mez, Mar\u00eda Teresa Barr\u00f3n Torres y Enrique Gonz\u00e1lez<br>Rodr\u00edguez, destacando que han dedicado su vida y talento a la formaci\u00f3n de sus estudiantes,<br>moldeando proyectos de vida y siendo una fuente de inspiraci\u00f3n.<br>En ese contexto, la UAT rindi\u00f3 homenaje a un grupo de 36 docentes que se jubilaron<br>en 2023, siendo esta la primera vez en la historia de la Universidad que se otorga este<br>reconocimiento, instituido por la casa de estudios a partir de este a\u00f1o.<br>Subray\u00f3 que este acto simboliza el agradecimiento y el respeto hacia quienes han<br>concluido su carrera activa. \u201cSu legado perdurar\u00e1 en las mentes y corazones de quienes<br>tuvieron el privilegio de ser sus alumnos y colegas\u00bb, afirm\u00f3 el rector.<br>\u201cQueremos que el humanismo sea el sello personal junto con la academia y la<br>investigaci\u00f3n. Les agradecemos de antemano, a nombre de nuestra universidad, todo el cari\u00f1o<br>y las ganas que le pusieron a los a\u00f1os de servicio. Muy agradecidos y muchas gracias\u00bb,<br>expres\u00f3.<br>Cabe mencionar que, de una poblaci\u00f3n total de 2,768 docentes, 146 fueron<br>homenajeados por cumplir 15, 20 y 25 a\u00f1os de servicio; 67 por completar 30 y 35 a\u00f1os,<br>quienes tambi\u00e9n recibieron una moneda de plata conmemorativa; y 16 por cumplir 40 y 45<br>a\u00f1os, a quienes se les entreg\u00f3 una moneda de oro.<br>Como parte del evento, el rector tom\u00f3 protesta a los 26 secretarios generales<br>seccionales del Sindicato \u00danico de Trabajadores Acad\u00e9micos de la Universidad Aut\u00f3noma<br>de Tamaulipas (SUTAUAT).<br>Correspondi\u00f3 al secretario general del SUTAUAT, Mtro. Luis Gerardo Galv\u00e1n<br>Velazco, expresar el mensaje a nombre de la comunidad docente de esta casa de estudios,<br>reafirmando el compromiso institucional para trabajar de la mano con la administraci\u00f3n del<br>rector D\u00e1maso Anaya.<\/p>\n","protected":false},"excerpt":{"rendered":"El rector D\u00e1maso Anaya Alvarado presidi\u00f3 la entrega de reconocimientos a la trayectoriadocente.La Universidad Aut\u00f3noma de Tamaulipas (UAT) celebr\u00f3 la Asamblea Solemne de Entregade Reconocimientos a la Trayectoria Docente, en un emotivo evento que presidi\u00f3 el rectorD\u00e1maso Leonardo Anaya Alvarado ante directores y personal acad\u00e9mico de las facultades,unidades acad\u00e9micas y escuelas de las zonas norte,","protected":false},"author":1,"featured_media":2193,"comment_status":"open","ping_status":"open","sticky":false,"template":"","format":"standard","meta":{"_monsterinsights_skip_tracking":false,"_monsterinsights_sitenote_active":false,"_monsterinsights_sitenote_note":"","_monsterinsights_sitenote_category":0,"footnotes":""},"categories":[3],"tags":[],"class_list":["post-2192","post","type-post","status-publish","format-standard","has-post-thumbnail","hentry","category-noticias"],"aioseo_notices":[],"amp_enabled":true,"_links":{"self":[{"href":"https:\/\/tamaulipasmiregion.com\/index.php?rest_route=\/wp\/v2\/posts\/2192","targetHints":{"allow":["GET"]}}],"collection":[{"href":"https:\/\/tamaulipasmiregion.com\/index.php?rest_route=\/wp\/v2\/posts"}],"about":[{"href":"https:\/\/tamaulipasmiregion.com\/index.php?rest_route=\/wp\/v2\/types\/post"}],"author":[{"embeddable":true,"href":"https:\/\/tamaulipasmiregion.com\/index.php?rest_route=\/wp\/v2\/users\/1"}],"replies":[{"embeddable":true,"href":"https:\/\/tamaulipasmiregion.com\/index.php?rest_route=%2Fwp%2Fv2%2Fcomments&post=2192"}],"version-history":[{"count":1,"href":"https:\/\/tamaulipasmiregion.com\/index.php?rest_route=\/wp\/v2\/posts\/2192\/revisions"}],"predecessor-version":[{"id":2194,"href":"https:\/\/tamaulipasmiregion.com\/index.php?rest_route=\/wp\/v2\/posts\/2192\/revisions\/2194"}],"wp:featuredmedia":[{"embeddable":true,"href":"https:\/\/tamaulipasmiregion.com\/index.php?rest_route=\/wp\/v2\/media\/2193"}],"wp:attachment":[{"href":"https:\/\/tamaulipasmiregion.com\/index.php?rest_route=%2Fwp%2Fv2%2Fmedia&parent=2192"}],"wp:term":[{"taxonomy":"category","embeddable":true,"href":"https:\/\/tamaulipasmiregion.com\/index.php?rest_route=%2Fwp%2Fv2%2Fcategories&post=2192"},{"taxonomy":"post_tag","embeddable":true,"href":"https:\/\/tamaulipasmiregion.com\/index.php?rest_route=%2Fwp%2Fv2%2Ftags&post=2192"}],"curies":[{"name":"wp","href":"https:\/\/api.w.org\/{rel}","templated":true}]}}