{"id":2216,"date":"2024-06-02T01:15:02","date_gmt":"2024-06-02T01:15:02","guid":{"rendered":"https:\/\/tamaulipasmiregion.com\/?p=2216"},"modified":"2024-06-05T01:16:01","modified_gmt":"2024-06-05T01:16:01","slug":"reafirma-rector-el-compromiso-de-la-uat-con-la-movilidad-academica","status":"publish","type":"post","link":"https:\/\/tamaulipasmiregion.com\/?p=2216","title":{"rendered":"Reafirma rector el compromiso de la UAT con la movilidad acad\u00e9mica"},"content":{"rendered":"\n<p><br>Destacando el compromiso de la Universidad Aut\u00f3noma de Tamaulipas (UAT) con la<br>excelencia acad\u00e9mica, la movilidad y la internacionalizaci\u00f3n, el rector D\u00e1maso Anaya<br>Alvarado se reuni\u00f3 con estudiantes de posgrado de la Facultad de Comercio y Administraci\u00f3n<br>Victoria (FCAV) que pr\u00f3ximamente iniciar\u00e1n sus estancias en universidades del pa\u00eds y del<br>extranjero.<br>El MVZ D\u00e1maso Anaya Alvarado expres\u00f3 su apoyo y confianza a los estudiantes,<br>quienes pertenecen a la s\u00e9ptima generaci\u00f3n del Doctorado en Ciencias Administrativas y<br>cursan actualmente el quinto cuatrimestre.<br>\u00abDeseo todo el \u00e9xito en el proceso del doctorado en el que se est\u00e1n formando. \u00c9chenle<br>ganas, pues ahora enfrentar\u00e1n otro reto en las universidades a donde vayan\u201d, coment\u00f3 el<br>rector, subrayando la importancia de esta experiencia en su desarrollo acad\u00e9mico y<br>profesional.<br>Durante el encuentro, expres\u00f3 su apoyo y confianza en los estudiantes, adem\u00e1s de<br>subrayar la importancia de fortalecer la academia en todos sus niveles, desde licenciatura<br>hasta posgrado.<br>Reafirm\u00f3 en ello el compromiso de fortalecer la academia y la investigaci\u00f3n, adem\u00e1s<br>de impulsar una mayor movilidad que ofrezca a los estudiantes mejores oportunidades de<br>desarrollo profesional.<br>Del Doctorado en Ciencias Administrativas se preparan seis estudiantes para hacer<br>estancias de investigaci\u00f3n: tres acudir\u00e1n a la Universidad de Zaragoza y la Universidad de<br>Granada, en Espa\u00f1a, y a la Universidad Estadual de Campinas (UNICAMP), en Brasil. Los<br>otros tres estudiantes llevar\u00e1n a cabo su movilidad en instituciones nacionales como la<br>Universidad Popular Aut\u00f3noma de Puebla, la Universidad Aut\u00f3noma de San Luis Potos\u00ed y el<br>Tecnol\u00f3gico de Monterrey. Las estancias, que durar\u00e1n de uno a dos meses, comienzan la<br>pr\u00f3xima semana.<\/p>\n","protected":false},"excerpt":{"rendered":"Destacando el compromiso de la Universidad Aut\u00f3noma de Tamaulipas (UAT) con laexcelencia acad\u00e9mica, la movilidad y la internacionalizaci\u00f3n, el rector D\u00e1maso AnayaAlvarado se reuni\u00f3 con estudiantes de posgrado de la Facultad de Comercio y Administraci\u00f3nVictoria (FCAV) que pr\u00f3ximamente iniciar\u00e1n sus estancias en universidades del pa\u00eds y delextranjero.El MVZ D\u00e1maso Anaya Alvarado expres\u00f3 su apoyo y","protected":false},"author":1,"featured_media":2217,"comment_status":"open","ping_status":"open","sticky":false,"template":"","format":"standard","meta":{"_monsterinsights_skip_tracking":false,"_monsterinsights_sitenote_active":false,"_monsterinsights_sitenote_note":"","_monsterinsights_sitenote_category":0,"footnotes":""},"categories":[3],"tags":[],"class_list":["post-2216","post","type-post","status-publish","format-standard","has-post-thumbnail","hentry","category-noticias"],"aioseo_notices":[],"amp_enabled":true,"_links":{"self":[{"href":"https:\/\/tamaulipasmiregion.com\/index.php?rest_route=\/wp\/v2\/posts\/2216","targetHints":{"allow":["GET"]}}],"collection":[{"href":"https:\/\/tamaulipasmiregion.com\/index.php?rest_route=\/wp\/v2\/posts"}],"about":[{"href":"https:\/\/tamaulipasmiregion.com\/index.php?rest_route=\/wp\/v2\/types\/post"}],"author":[{"embeddable":true,"href":"https:\/\/tamaulipasmiregion.com\/index.php?rest_route=\/wp\/v2\/users\/1"}],"replies":[{"embeddable":true,"href":"https:\/\/tamaulipasmiregion.com\/index.php?rest_route=%2Fwp%2Fv2%2Fcomments&post=2216"}],"version-history":[{"count":1,"href":"https:\/\/tamaulipasmiregion.com\/index.php?rest_route=\/wp\/v2\/posts\/2216\/revisions"}],"predecessor-version":[{"id":2218,"href":"https:\/\/tamaulipasmiregion.com\/index.php?rest_route=\/wp\/v2\/posts\/2216\/revisions\/2218"}],"wp:featuredmedia":[{"embeddable":true,"href":"https:\/\/tamaulipasmiregion.com\/index.php?rest_route=\/wp\/v2\/media\/2217"}],"wp:attachment":[{"href":"https:\/\/tamaulipasmiregion.com\/index.php?rest_route=%2Fwp%2Fv2%2Fmedia&parent=2216"}],"wp:term":[{"taxonomy":"category","embeddable":true,"href":"https:\/\/tamaulipasmiregion.com\/index.php?rest_route=%2Fwp%2Fv2%2Fcategories&post=2216"},{"taxonomy":"post_tag","embeddable":true,"href":"https:\/\/tamaulipasmiregion.com\/index.php?rest_route=%2Fwp%2Fv2%2Ftags&post=2216"}],"curies":[{"name":"wp","href":"https:\/\/api.w.org\/{rel}","templated":true}]}}