{"id":2261,"date":"2024-06-16T19:58:29","date_gmt":"2024-06-16T19:58:29","guid":{"rendered":"https:\/\/tamaulipasmiregion.com\/?p=2261"},"modified":"2024-06-18T19:59:18","modified_gmt":"2024-06-18T19:59:18","slug":"rector-de-la-uat-damaso-anaya-participa-en-reunion-de-la-anuies","status":"publish","type":"post","link":"https:\/\/tamaulipasmiregion.com\/?p=2261","title":{"rendered":"Rector de la UAT, D\u00e1maso Anaya, participa en reuni\u00f3n de la ANUIES"},"content":{"rendered":"\n<p><br>El rector de la Universidad Aut\u00f3noma de Tamaulipas (UAT), MVZ D\u00e1maso Leonardo Anaya<br>Alvarado, particip\u00f3 en la LXIV Sesi\u00f3n Ordinaria de la Asamblea General de la Asociaci\u00f3n<br>Nacional de Universidades e Instituciones de Educaci\u00f3n Superior (ANUIES), que tuvo como<br>sede la Universidad Veracruzana en Xalapa, Veracruz.<br>En la reuni\u00f3n, el rector D\u00e1maso Anaya Alvarado resalt\u00f3 la importancia de promover<br>acciones que privilegien el mejoramiento integral de la educaci\u00f3n superior en M\u00e9xico,<br>mediante la suma de esfuerzos en este organismo que re\u00fane a m\u00e1s de doscientas<br>universidades e instituciones p\u00fablicas y privadas del pa\u00eds,<br>Los trabajos fueron presididos por el Dr. Luis Armando Gonz\u00e1lez Placencia,<br>secretario general ejecutivo de la ANUIES, y el Dr. Mart\u00edn Gerardo Aguilar S\u00e1nchez, rector<br>de la Universidad Veracruzana.<br>En ese marco se trat\u00f3 el an\u00e1lisis del presupuesto 2025 para la educaci\u00f3n superior, los<br>avances del sistema de evaluaci\u00f3n y acreditaci\u00f3n, adem\u00e1s de la evaluaci\u00f3n de sistemas<br>estatales.<br>Se abord\u00f3 tambi\u00e9n la actualizaci\u00f3n del Manual de Seguridad para Instituciones de<br>Educaci\u00f3n Superior, as\u00ed como el an\u00e1lisis de la atenci\u00f3n a la demanda de equidad y<br>accesibilidad a la educaci\u00f3n superior para todos los sectores de la poblaci\u00f3n.<br>En la exposici\u00f3n de temas se habl\u00f3 de actualidades del uso de las nuevas tecnolog\u00edas<br>en el proceso educativo y la internacionalizaci\u00f3n de los programas acad\u00e9micos.<br>Los rectores y titulares de las universidades e instituciones afiliadas a la ANUIES<br>estrecharon lazos de colaboraci\u00f3n y puntualizaron en la importancia de trabajar en favor de<br>una educaci\u00f3n vinculada con el sector productivo, de fortalecer la investigaci\u00f3n y privilegiar<br>el desarrollo integral de las personas, con el prop\u00f3sito de inculcar el compromiso social y<br>solidario con la comunidad y con su entorno.<\/p>\n","protected":false},"excerpt":{"rendered":"El rector de la Universidad Aut\u00f3noma de Tamaulipas (UAT), MVZ D\u00e1maso Leonardo AnayaAlvarado, particip\u00f3 en la LXIV Sesi\u00f3n Ordinaria de la Asamblea General de la Asociaci\u00f3nNacional de Universidades e Instituciones de Educaci\u00f3n Superior (ANUIES), que tuvo comosede la Universidad Veracruzana en Xalapa, Veracruz.En la reuni\u00f3n, el rector D\u00e1maso Anaya Alvarado resalt\u00f3 la importancia de promoveracciones","protected":false},"author":1,"featured_media":2262,"comment_status":"open","ping_status":"open","sticky":false,"template":"","format":"standard","meta":{"_monsterinsights_skip_tracking":false,"_monsterinsights_sitenote_active":false,"_monsterinsights_sitenote_note":"","_monsterinsights_sitenote_category":0,"footnotes":""},"categories":[3],"tags":[],"class_list":["post-2261","post","type-post","status-publish","format-standard","has-post-thumbnail","hentry","category-noticias"],"aioseo_notices":[],"amp_enabled":true,"_links":{"self":[{"href":"https:\/\/tamaulipasmiregion.com\/index.php?rest_route=\/wp\/v2\/posts\/2261","targetHints":{"allow":["GET"]}}],"collection":[{"href":"https:\/\/tamaulipasmiregion.com\/index.php?rest_route=\/wp\/v2\/posts"}],"about":[{"href":"https:\/\/tamaulipasmiregion.com\/index.php?rest_route=\/wp\/v2\/types\/post"}],"author":[{"embeddable":true,"href":"https:\/\/tamaulipasmiregion.com\/index.php?rest_route=\/wp\/v2\/users\/1"}],"replies":[{"embeddable":true,"href":"https:\/\/tamaulipasmiregion.com\/index.php?rest_route=%2Fwp%2Fv2%2Fcomments&post=2261"}],"version-history":[{"count":1,"href":"https:\/\/tamaulipasmiregion.com\/index.php?rest_route=\/wp\/v2\/posts\/2261\/revisions"}],"predecessor-version":[{"id":2263,"href":"https:\/\/tamaulipasmiregion.com\/index.php?rest_route=\/wp\/v2\/posts\/2261\/revisions\/2263"}],"wp:featuredmedia":[{"embeddable":true,"href":"https:\/\/tamaulipasmiregion.com\/index.php?rest_route=\/wp\/v2\/media\/2262"}],"wp:attachment":[{"href":"https:\/\/tamaulipasmiregion.com\/index.php?rest_route=%2Fwp%2Fv2%2Fmedia&parent=2261"}],"wp:term":[{"taxonomy":"category","embeddable":true,"href":"https:\/\/tamaulipasmiregion.com\/index.php?rest_route=%2Fwp%2Fv2%2Fcategories&post=2261"},{"taxonomy":"post_tag","embeddable":true,"href":"https:\/\/tamaulipasmiregion.com\/index.php?rest_route=%2Fwp%2Fv2%2Ftags&post=2261"}],"curies":[{"name":"wp","href":"https:\/\/api.w.org\/{rel}","templated":true}]}}