{"id":2268,"date":"2024-06-18T20:06:53","date_gmt":"2024-06-18T20:06:53","guid":{"rendered":"https:\/\/tamaulipasmiregion.com\/?p=2268"},"modified":"2024-06-24T20:07:57","modified_gmt":"2024-06-24T20:07:57","slug":"impulsa-la-uat-estrategias-para-la-formacion-integral-y-humanista-desus-estudiantes","status":"publish","type":"post","link":"https:\/\/tamaulipasmiregion.com\/?p=2268","title":{"rendered":"Impulsa la UAT estrategias para la formaci\u00f3n integral y humanista desus estudiantes"},"content":{"rendered":"\n<p><br>El rector D\u00e1 m\u00e1so Leon\u00e1rdo An\u00e1y\u00e1 Alv\u00e1r\u00e1do presidio los tr\u00e1b\u00e1jos del \u201cDiplom\u00e1do en<br>estr\u00e1tegi\u00e1s docentes p\u00e1r\u00e1 el des\u00e1rrollo de h\u00e1bilid\u00e1des bl\u00e1nd\u00e1s en l\u00e1 form\u00e1cio n<br>universit\u00e1ri\u00e1\u201d, que l\u00e1 Universid\u00e1d Auto nom\u00e1 de T\u00e1m\u00e1ulip\u00e1s (UAT) impuls\u00e1 con l\u00e1<br>fin\u00e1lid\u00e1d de proporcion\u00e1r \u00e1 sus estudi\u00e1ntes m\u00e1yores competenci\u00e1s p\u00e1r\u00e1 el e xito<br>person\u00e1l y profesion\u00e1l.<br>En l\u00e1 sesio n re\u00e1liz\u00e1d\u00e1 en l\u00ed ne\u00e1 por l\u00e1 pl\u00e1t\u00e1form\u00e1 Microsoft Te\u00e1ms, el MVZ<br>D\u00e1 m\u00e1so An\u00e1y\u00e1 dio \u00e1pertur\u00e1 \u00e1l tercer mo dulo, titul\u00e1do Concienci\u00e1 Soci\u00e1l, donde dio l\u00e1<br>bienvenid\u00e1 \u00e1 docentes de tod\u00e1s l\u00e1s dependenci\u00e1s de l\u00e1 UAT en el est\u00e1do que tom\u00e1n est\u00e1<br>c\u00e1p\u00e1cit\u00e1cio n.<br>En su mens\u00e1je dest\u00e1co l\u00e1 import\u00e1nci\u00e1 de impuls\u00e1r este progr\u00e1m\u00e1 que form\u00e1<br>p\u00e1rte de los proyectos esenci\u00e1les de l\u00e1 Universid\u00e1d p\u00e1r\u00e1 fort\u00e1lecer l\u00e1 c\u00e1 tedr\u00e1 y d\u00e1r<br>continuid\u00e1d \u00e1 l\u00e1s \u00e1cciones institucion\u00e1les en torno \u00e1 l\u00e1s funciones sust\u00e1ntiv\u00e1s de l\u00e1<br>docenci\u00e1.<br>Reconocio l\u00e1 disposicio n del profesor\u00e1do de l\u00e1 UAT \u00e1l \u00e1sumir un firme<br>compromiso con l\u00e1 form\u00e1cio n integr\u00e1l y hum\u00e1nist\u00e1 que se h\u00e1 inici\u00e1do en l\u00e1 c\u00e1s\u00e1 de<br>estudios, y cuy\u00e1 l\u00e1bor es fund\u00e1ment\u00e1l p\u00e1r\u00e1 promover en l\u00e1 comunid\u00e1d estudi\u00e1ntil el<br>des\u00e1rrollo de h\u00e1bilid\u00e1des bl\u00e1nd\u00e1s.<br>En ese sentido, subr\u00e1yo l\u00e1 import\u00e1nci\u00e1 de foment\u00e1r en l\u00e1 juventud universit\u00e1ri\u00e1<br>es\u00e1s h\u00e1bilid\u00e1des que en conjunto les proporcion\u00e1n un c\u00e1r\u00e1 cter socio\u00e1fectivo y que son<br>neces\u00e1ri\u00e1s p\u00e1r\u00e1 inter\u00e1ctu\u00e1r, ser resolutivos y h\u00e1cer frente \u00e1 exigenci\u00e1s y situ\u00e1ciones<br>des\u00e1fi\u00e1ntes, fort\u00e1leciendo el des\u00e1rrollo efectivo de sus met\u00e1s person\u00e1les y<br>profesion\u00e1les.<br>Correspondio \u00e1 l\u00e1 Dr\u00e1. Ros\u00e1 Issel Acost\u00e1 Gonz\u00e1 lez, secret\u00e1ri\u00e1 \u00e1c\u00e1de mic\u00e1 de l\u00e1<br>UAT, present\u00e1r el objetivo del tercer mo dulo sobre Concienci\u00e1 Soci\u00e1l, que comprendio<br>el des\u00e1rrollo de h\u00e1bilid\u00e1des bl\u00e1nd\u00e1s \u00e1soci\u00e1d\u00e1s \u00e1l pens\u00e1miento cr\u00ed tico, \u00e1 l\u00e1 resolucio n de<br>problem\u00e1s, comport\u00e1miento soci\u00e1l y e tico, \u00e1dem\u00e1 s de p\u00e1rticip\u00e1cio n ciud\u00e1d\u00e1n\u00e1,<br>identific\u00e1cio n, respeto y promocio n de l\u00e1 igu\u00e1ld\u00e1d, inclusio n y respons\u00e1bilid\u00e1d soci\u00e1l,<br>entre otros tem\u00e1s.<br>Como f\u00e1cilit\u00e1dor\u00e1s del curso p\u00e1rticip\u00e1ron l\u00e1s doctor\u00e1s C\u00e1rolin\u00e1 Go mez Pinto,<br>Bl\u00e1nc\u00e1 Gu\u00e1d\u00e1lupe Cid de Leo n Buj\u00e1nos y M\u00e1r\u00ed \u00e1 Consuelo Lemus Pool, c\u00e1tedr\u00e1 tic\u00e1s de l\u00e1<br>UAT.<\/p>\n","protected":false},"excerpt":{"rendered":"El rector D\u00e1 m\u00e1so Leon\u00e1rdo An\u00e1y\u00e1 Alv\u00e1r\u00e1do presidio los tr\u00e1b\u00e1jos del \u201cDiplom\u00e1do enestr\u00e1tegi\u00e1s docentes p\u00e1r\u00e1 el des\u00e1rrollo de h\u00e1bilid\u00e1des bl\u00e1nd\u00e1s en l\u00e1 form\u00e1cio nuniversit\u00e1ri\u00e1\u201d, que l\u00e1 Universid\u00e1d Auto nom\u00e1 de T\u00e1m\u00e1ulip\u00e1s (UAT) impuls\u00e1 con l\u00e1fin\u00e1lid\u00e1d de proporcion\u00e1r \u00e1 sus estudi\u00e1ntes m\u00e1yores competenci\u00e1s p\u00e1r\u00e1 el e xitoperson\u00e1l y profesion\u00e1l.En l\u00e1 sesio n re\u00e1liz\u00e1d\u00e1 en l\u00ed ne\u00e1","protected":false},"author":1,"featured_media":2269,"comment_status":"open","ping_status":"open","sticky":false,"template":"","format":"standard","meta":{"_monsterinsights_skip_tracking":false,"_monsterinsights_sitenote_active":false,"_monsterinsights_sitenote_note":"","_monsterinsights_sitenote_category":0,"footnotes":""},"categories":[3],"tags":[],"class_list":["post-2268","post","type-post","status-publish","format-standard","has-post-thumbnail","hentry","category-noticias"],"aioseo_notices":[],"amp_enabled":true,"_links":{"self":[{"href":"https:\/\/tamaulipasmiregion.com\/index.php?rest_route=\/wp\/v2\/posts\/2268","targetHints":{"allow":["GET"]}}],"collection":[{"href":"https:\/\/tamaulipasmiregion.com\/index.php?rest_route=\/wp\/v2\/posts"}],"about":[{"href":"https:\/\/tamaulipasmiregion.com\/index.php?rest_route=\/wp\/v2\/types\/post"}],"author":[{"embeddable":true,"href":"https:\/\/tamaulipasmiregion.com\/index.php?rest_route=\/wp\/v2\/users\/1"}],"replies":[{"embeddable":true,"href":"https:\/\/tamaulipasmiregion.com\/index.php?rest_route=%2Fwp%2Fv2%2Fcomments&post=2268"}],"version-history":[{"count":1,"href":"https:\/\/tamaulipasmiregion.com\/index.php?rest_route=\/wp\/v2\/posts\/2268\/revisions"}],"predecessor-version":[{"id":2270,"href":"https:\/\/tamaulipasmiregion.com\/index.php?rest_route=\/wp\/v2\/posts\/2268\/revisions\/2270"}],"wp:featuredmedia":[{"embeddable":true,"href":"https:\/\/tamaulipasmiregion.com\/index.php?rest_route=\/wp\/v2\/media\/2269"}],"wp:attachment":[{"href":"https:\/\/tamaulipasmiregion.com\/index.php?rest_route=%2Fwp%2Fv2%2Fmedia&parent=2268"}],"wp:term":[{"taxonomy":"category","embeddable":true,"href":"https:\/\/tamaulipasmiregion.com\/index.php?rest_route=%2Fwp%2Fv2%2Fcategories&post=2268"},{"taxonomy":"post_tag","embeddable":true,"href":"https:\/\/tamaulipasmiregion.com\/index.php?rest_route=%2Fwp%2Fv2%2Ftags&post=2268"}],"curies":[{"name":"wp","href":"https:\/\/api.w.org\/{rel}","templated":true}]}}