{"id":2293,"date":"2024-06-25T03:07:38","date_gmt":"2024-06-25T03:07:38","guid":{"rendered":"https:\/\/tamaulipasmiregion.com\/?p=2293"},"modified":"2024-07-01T03:09:14","modified_gmt":"2024-07-01T03:09:14","slug":"anuncia-la-uat-un-nuevo-programa-de-becas-para-estudiantes-condiscapacidad","status":"publish","type":"post","link":"https:\/\/tamaulipasmiregion.com\/?p=2293","title":{"rendered":"Anuncia la UAT un nuevo programa de becas para estudiantes condiscapacidad"},"content":{"rendered":"\n<p><br>La Universidad Aut\u00f3noma de Tamaulipas (UAT) refuerza su compromiso con la equidad<br>educativa y la inclusi\u00f3n social, mediante la apertura de un nuevo programa de becas<br>destinadas a personas con discapacidad.<br>Esta iniciativa refuerza el compromiso del rector de la UAT, MVZ D\u00e1maso Leonardo<br>Anaya Alvarado, con la igualdad de oportunidades estudiantiles y la integraci\u00f3n de todos los<br>sectores en la educaci\u00f3n.<br>En ese contexto, se dio a conocer la convocatoria de una nueva beca que por primera<br>vez se implementar\u00e1 en el pr\u00f3ximo ciclo escolar 2024-3 (agosto-diciembre), con el objetivo<br>de apoyar a estudiantes con discapacidad permanente que est\u00e9n pr\u00f3ximos a ingresar o<br>reinscribirse en alg\u00fan programa de bachillerato, licenciatura o posgrado en la UAT.<br>Los estudiantes beneficiarios de esta beca estar\u00e1n exentos del pago de inscripci\u00f3n<br>durante el periodo acad\u00e9mico correspondiente, con la oportunidad de renovarla en periodos<br>subsecuentes.<br>Las personas interesadas deber\u00e1n completar la solicitud correspondiente, entregar<br>documentaci\u00f3n completa y presentar un certificado de discapacidad vigente, expedido por<br>una instituci\u00f3n oficial de salud, el cual debe especificar el tipo de discapacidad permanente<br>y sus secuelas.<br>El tr\u00e1mite se podr\u00e1 iniciar en el enlace de becas de su facultad, unidad acad\u00e9mica o<br>escuela del 5 al 14 de agosto; la aplicaci\u00f3n de las becas se iniciar\u00e1 el pr\u00f3ximo 15 de agosto,<br>con la apertura del ciclo escolar 2024-3.<br>La convocatoria detallada est\u00e1 disponible en el apartado correspondiente del portal<br>www.uat.edu.mx, y para obtener m\u00e1s informaci\u00f3n se puede escribir a los correos electr\u00f3nicos<br>formaciondual@uat.edu.mx y direcciondebecas@uat.edu.mx, de la Coordinaci\u00f3n de Becas<br>y Est\u00edmulos Educativos de la Direcci\u00f3n de Formaci\u00f3n Dual de la Secretar\u00eda de Gesti\u00f3n<br>Escolar, o llamar al tel\u00e9fono 834 318 1800, extensi\u00f3n 1952.<\/p>\n","protected":false},"excerpt":{"rendered":"La Universidad Aut\u00f3noma de Tamaulipas (UAT) refuerza su compromiso con la equidadeducativa y la inclusi\u00f3n social, mediante la apertura de un nuevo programa de becasdestinadas a personas con discapacidad.Esta iniciativa refuerza el compromiso del rector de la UAT, MVZ D\u00e1maso LeonardoAnaya Alvarado, con la igualdad de oportunidades estudiantiles y la integraci\u00f3n de todos lossectores en","protected":false},"author":1,"featured_media":2294,"comment_status":"open","ping_status":"open","sticky":false,"template":"","format":"standard","meta":{"_monsterinsights_skip_tracking":false,"_monsterinsights_sitenote_active":false,"_monsterinsights_sitenote_note":"","_monsterinsights_sitenote_category":0,"footnotes":""},"categories":[3],"tags":[],"class_list":["post-2293","post","type-post","status-publish","format-standard","has-post-thumbnail","hentry","category-noticias"],"aioseo_notices":[],"amp_enabled":true,"_links":{"self":[{"href":"https:\/\/tamaulipasmiregion.com\/index.php?rest_route=\/wp\/v2\/posts\/2293","targetHints":{"allow":["GET"]}}],"collection":[{"href":"https:\/\/tamaulipasmiregion.com\/index.php?rest_route=\/wp\/v2\/posts"}],"about":[{"href":"https:\/\/tamaulipasmiregion.com\/index.php?rest_route=\/wp\/v2\/types\/post"}],"author":[{"embeddable":true,"href":"https:\/\/tamaulipasmiregion.com\/index.php?rest_route=\/wp\/v2\/users\/1"}],"replies":[{"embeddable":true,"href":"https:\/\/tamaulipasmiregion.com\/index.php?rest_route=%2Fwp%2Fv2%2Fcomments&post=2293"}],"version-history":[{"count":1,"href":"https:\/\/tamaulipasmiregion.com\/index.php?rest_route=\/wp\/v2\/posts\/2293\/revisions"}],"predecessor-version":[{"id":2295,"href":"https:\/\/tamaulipasmiregion.com\/index.php?rest_route=\/wp\/v2\/posts\/2293\/revisions\/2295"}],"wp:featuredmedia":[{"embeddable":true,"href":"https:\/\/tamaulipasmiregion.com\/index.php?rest_route=\/wp\/v2\/media\/2294"}],"wp:attachment":[{"href":"https:\/\/tamaulipasmiregion.com\/index.php?rest_route=%2Fwp%2Fv2%2Fmedia&parent=2293"}],"wp:term":[{"taxonomy":"category","embeddable":true,"href":"https:\/\/tamaulipasmiregion.com\/index.php?rest_route=%2Fwp%2Fv2%2Fcategories&post=2293"},{"taxonomy":"post_tag","embeddable":true,"href":"https:\/\/tamaulipasmiregion.com\/index.php?rest_route=%2Fwp%2Fv2%2Ftags&post=2293"}],"curies":[{"name":"wp","href":"https:\/\/api.w.org\/{rel}","templated":true}]}}