{"id":2299,"date":"2024-06-27T03:15:02","date_gmt":"2024-06-27T03:15:02","guid":{"rendered":"https:\/\/tamaulipasmiregion.com\/?p=2299"},"modified":"2024-07-01T03:16:58","modified_gmt":"2024-07-01T03:16:58","slug":"formara-la-uat-a-estudiantes-desde-una-vision-humanista-y-deresponsabilidad-social","status":"publish","type":"post","link":"https:\/\/tamaulipasmiregion.com\/?p=2299","title":{"rendered":"Formar\u00e1 la UAT a estudiantes desde una visi\u00f3n humanista y deresponsabilidad social"},"content":{"rendered":"\n<p><br>El rector D\u00e1 m\u00e1so Leon\u00e1rdo An\u00e1y\u00e1 Alv\u00e1r\u00e1do \u00e1severo que el Pl\u00e1n de Des\u00e1rrollo<br>Institucion\u00e1l 2024-2028 de l\u00e1 Universid\u00e1d Auto nom\u00e1 de T\u00e1m\u00e1ulip\u00e1s (UAT) define l\u00e1s<br>estr\u00e1tegi\u00e1s que seguir\u00e1 l\u00e1 c\u00e1s\u00e1 de estudios p\u00e1r\u00e1 form\u00e1r \u00e1 los profesionist\u00e1s b\u00e1jo un\u00e1<br>visio n hum\u00e1nist\u00e1 y de respons\u00e1bilid\u00e1d soci\u00e1l.<br>Dur\u00e1nte l\u00e1 present\u00e1cio n del documento \u00e1 l\u00e1 As\u00e1mble\u00e1 Universit\u00e1ri\u00e1 y \u00e1 l\u00e1<br>socied\u00e1d en su conjunto, subr\u00e1yo que l\u00e1 nuev\u00e1 visio n \u00e1c\u00e1de mic\u00e1 de l\u00e1 UAT contempl\u00e1<br>no solo prep\u00e1r\u00e1r \u00e1 los jo venes p\u00e1r\u00e1 tr\u00e1b\u00e1j\u00e1r, sino educ\u00e1rlos p\u00e1r\u00e1 l\u00e1 vid\u00e1.<br>Explico que, en est\u00e1 nuev\u00e1 rut\u00e1, el primero de los ejes busc\u00e1 que el estudi\u00e1nt\u00e1do<br>recib\u00e1 un\u00e1 form\u00e1cio n integr\u00e1l, pertinente, du\u00e1l y flexible, que les ofrezc\u00e1 todos los<br>\u00e1prendiz\u00e1jes que necesit\u00e1n l\u00e1s nuev\u00e1s gener\u00e1ciones en un mundo que est\u00e1<br>dem\u00e1nd\u00e1ndo h\u00e1bilid\u00e1des mu ltiples.<br>T\u00e1mbie n propone \u00e1mpli\u00e1r l\u00e1s oportunid\u00e1des de ingreso \u00e1 l\u00e1s \u00e1ul\u00e1s universit\u00e1ri\u00e1s<br>p\u00e1r\u00e1 m\u00e1 s jo venes t\u00e1m\u00e1ulipecos, \u00e1s\u00ed como \u00e1brir nuev\u00e1s c\u00e1rrer\u00e1s y especi\u00e1lid\u00e1des que<br>respond\u00e1n \u00e1 l\u00e1s voc\u00e1ciones productiv\u00e1s y \u00e1 l\u00e1s dem\u00e1nd\u00e1s profesion\u00e1les y te cnic\u00e1s de l\u00e1s<br>regiones.<br>El segundo eje del Pl\u00e1n de Des\u00e1rrollo Institucion\u00e1l de l\u00e1 UAT tiene como<br>priorid\u00e1d l\u00e1 dignific\u00e1cio n de los docentes. En este rubro, el rector dest\u00e1co su<br>compromiso con el person\u00e1l \u00e1c\u00e1de mico, p\u00e1r\u00e1 quienes se definir\u00e1 n los mec\u00e1nismos que<br>incentiven su productivid\u00e1d y l\u00e1 excelenci\u00e1 en su pr\u00e1 ctic\u00e1 ped\u00e1go gic\u00e1, lo que incluye<br>\u00e1dem\u00e1 s \u00e1v\u00e1nz\u00e1r en su c\u00e1mpo de especi\u00e1lid\u00e1d y en l\u00e1 profundiz\u00e1cio n del sentido<br>hum\u00e1nist\u00e1 de su ejercicio.<br>En lo que respect\u00e1 \u00e1l tercer eje, el MVZ D\u00e1 m\u00e1so An\u00e1y\u00e1 Alv\u00e1r\u00e1do sen \u00e1lo que<br>\u00e1bord\u00e1 un\u00e1 de l\u00e1s funciones sust\u00e1ntiv\u00e1s de l\u00e1 Universid\u00e1d, como es l\u00e1 gener\u00e1cio n de<br>conocimientos y su difusio n, p\u00e1r\u00e1 lo cu\u00e1l se orient\u00e1r\u00e1 l\u00e1 investig\u00e1cio n con imp\u00e1cto en<br>l\u00e1s comunid\u00e1des, en h\u00e1cerl\u00e1 \u00e1ccesible y \u00e1plic\u00e1ble en l\u00e1 socied\u00e1d.<br>En ese sentido, sostuvo que se impuls\u00e1r\u00e1 l\u00e1 form\u00e1cio n de t\u00e1lento hum\u00e1no en l\u00e1<br>investig\u00e1cio n y el des\u00e1rrollo tecnolo gico, \u00e1s\u00ed como en l\u00e1 tr\u00e1nsferenci\u00e1 de conocimientos,<br>con l\u00e1 premis\u00e1 de contribuir \u00e1 solucion\u00e1r problem\u00e1s y que se\u00e1 un\u00e1 de l\u00e1s princip\u00e1les<br>fuentes de bienest\u00e1r y prosperid\u00e1d en el est\u00e1do.<br>Fin\u00e1lmente, en el eje cu\u00e1tro, referente \u00e1 l\u00e1 extensio n universit\u00e1ri\u00e1, explico que se<br>fort\u00e1lecer\u00e1 l\u00e1 vincul\u00e1cio n con l\u00e1 comunid\u00e1d, se promover\u00e1 l\u00e1 cohesio n intern\u00e1, l\u00e1<br>cultur\u00e1 de p\u00e1z, el deporte, l\u00e1 \u00e1ctiv\u00e1cio n f\u00ed sic\u00e1 y el bienest\u00e1r socioemocion\u00e1l.<br>Puntu\u00e1lizo el rector que los ejes del Pl\u00e1n de Des\u00e1rrollo Institucion\u00e1l se<br>reforz\u00e1r\u00e1 n con estr\u00e1tegi\u00e1s tr\u00e1nsvers\u00e1les p\u00e1r\u00e1 g\u00e1r\u00e1ntiz\u00e1r los derechos de los<br>universit\u00e1rios, impuls\u00e1r l\u00e1 p\u00e1rticip\u00e1cio n soci\u00e1l y l\u00e1 sostenibilid\u00e1d.<\/p>\n","protected":false},"excerpt":{"rendered":"El rector D\u00e1 m\u00e1so Leon\u00e1rdo An\u00e1y\u00e1 Alv\u00e1r\u00e1do \u00e1severo que el Pl\u00e1n de Des\u00e1rrolloInstitucion\u00e1l 2024-2028 de l\u00e1 Universid\u00e1d Auto nom\u00e1 de T\u00e1m\u00e1ulip\u00e1s (UAT) define l\u00e1sestr\u00e1tegi\u00e1s que seguir\u00e1 l\u00e1 c\u00e1s\u00e1 de estudios p\u00e1r\u00e1 form\u00e1r \u00e1 los profesionist\u00e1s b\u00e1jo un\u00e1visio n hum\u00e1nist\u00e1 y de respons\u00e1bilid\u00e1d soci\u00e1l.Dur\u00e1nte l\u00e1 present\u00e1cio n del documento \u00e1 l\u00e1 As\u00e1mble\u00e1 Universit\u00e1ri\u00e1 y \u00e1 l\u00e1socied\u00e1d","protected":false},"author":1,"featured_media":2300,"comment_status":"open","ping_status":"open","sticky":false,"template":"","format":"standard","meta":{"_monsterinsights_skip_tracking":false,"_monsterinsights_sitenote_active":false,"_monsterinsights_sitenote_note":"","_monsterinsights_sitenote_category":0,"footnotes":""},"categories":[3],"tags":[],"class_list":["post-2299","post","type-post","status-publish","format-standard","has-post-thumbnail","hentry","category-noticias"],"aioseo_notices":[],"amp_enabled":true,"_links":{"self":[{"href":"https:\/\/tamaulipasmiregion.com\/index.php?rest_route=\/wp\/v2\/posts\/2299","targetHints":{"allow":["GET"]}}],"collection":[{"href":"https:\/\/tamaulipasmiregion.com\/index.php?rest_route=\/wp\/v2\/posts"}],"about":[{"href":"https:\/\/tamaulipasmiregion.com\/index.php?rest_route=\/wp\/v2\/types\/post"}],"author":[{"embeddable":true,"href":"https:\/\/tamaulipasmiregion.com\/index.php?rest_route=\/wp\/v2\/users\/1"}],"replies":[{"embeddable":true,"href":"https:\/\/tamaulipasmiregion.com\/index.php?rest_route=%2Fwp%2Fv2%2Fcomments&post=2299"}],"version-history":[{"count":1,"href":"https:\/\/tamaulipasmiregion.com\/index.php?rest_route=\/wp\/v2\/posts\/2299\/revisions"}],"predecessor-version":[{"id":2301,"href":"https:\/\/tamaulipasmiregion.com\/index.php?rest_route=\/wp\/v2\/posts\/2299\/revisions\/2301"}],"wp:featuredmedia":[{"embeddable":true,"href":"https:\/\/tamaulipasmiregion.com\/index.php?rest_route=\/wp\/v2\/media\/2300"}],"wp:attachment":[{"href":"https:\/\/tamaulipasmiregion.com\/index.php?rest_route=%2Fwp%2Fv2%2Fmedia&parent=2299"}],"wp:term":[{"taxonomy":"category","embeddable":true,"href":"https:\/\/tamaulipasmiregion.com\/index.php?rest_route=%2Fwp%2Fv2%2Fcategories&post=2299"},{"taxonomy":"post_tag","embeddable":true,"href":"https:\/\/tamaulipasmiregion.com\/index.php?rest_route=%2Fwp%2Fv2%2Ftags&post=2299"}],"curies":[{"name":"wp","href":"https:\/\/api.w.org\/{rel}","templated":true}]}}