{"id":2336,"date":"2024-07-07T20:15:29","date_gmt":"2024-07-07T20:15:29","guid":{"rendered":"https:\/\/tamaulipasmiregion.com\/?p=2336"},"modified":"2024-07-09T20:16:27","modified_gmt":"2024-07-09T20:16:27","slug":"egresan-310-estudiantes-del-bachillerato-de-la-uat-en-ciudad-mante","status":"publish","type":"post","link":"https:\/\/tamaulipasmiregion.com\/?p=2336","title":{"rendered":"Egresan 310 estudiantes del bachillerato de la UAT en Ciudad Mante"},"content":{"rendered":"\n<p><br>La Universidad Aut\u00f3 n\u00f3ma de Tamaulipas (UAT) egres\u00f3 a un t\u00f3tal de 310 estudiantes<br>que c\u00f3ncluyer\u00f3n su bachillerat\u00f3 en la Escuela Preparat\u00f3ria Mante, pertenecientes a la<br>Generaci\u00f3 n 2021-2024.<br>El rect\u00f3r de la UAT, MVZ Da mas\u00f3 Anaya Alvarad\u00f3, presidi\u00f3 , en las instalaci\u00f3nes<br>del plantel en Ciudad Mante, la cerem\u00f3nia de graduaci\u00f3 n y entrega de c\u00f3nstancias de<br>estudi\u00f3s a l\u00f3s j\u00f3 venes que c\u00f3ncluyer\u00f3n su educaci\u00f3 n integral en el m\u00f3del\u00f3 de<br>bachillerat\u00f3 de la ma xima casa de estudi\u00f3s del estad\u00f3.<br>Ac\u00f3mpan ad\u00f3 de la Mtra. Mar\u00ed a del Pilar Garza Aguilar, direct\u00f3ra de la<br>Preparat\u00f3ria Mante, el rect\u00f3r felicit\u00f3 a l\u00f3s graduad\u00f3s p\u00f3r culminar c\u00f3n e xit\u00f3 esta<br>imp\u00f3rtante etapa de su trayect\u00f3ria educativa.<br>Agradeci\u00f3 a l\u00f3s padres y madres de familia p\u00f3r c\u00f3nfiar en la UAT la preparaci\u00f3 n<br>de sus hij\u00f3s, as\u00ed c\u00f3m\u00f3 tambie n rec\u00f3n\u00f3ci\u00f3 a l\u00f3s d\u00f3centes p\u00f3r su lab\u00f3r en la f\u00f3rmaci\u00f3 n del<br>alumnad\u00f3.<br>Dij\u00f3 que la UAT val\u00f3ra pr\u00f3fundamente el papel que desempen an sus estudiantes,<br>p\u00f3rque c\u00f3n sus dese\u00f3s de superaci\u00f3 n y su capacidad para salir adelante s\u00f3n un ejempl\u00f3<br>de l\u00f3 que se puede l\u00f3grar c\u00f3n esfuerz\u00f3, perseverancia y pasi\u00f3 n p\u00f3r el c\u00f3n\u00f3cimient\u00f3. \u201cN\u00f3<br>s\u00f3l\u00f3 s\u00f3n m\u00f3tiv\u00f3 de \u00f3rgull\u00f3 para sus familias, sin\u00f3 que tambie n p\u00f3nen muy en alt\u00f3 el<br>n\u00f3mbre de la UAT\u201d, an adi\u00f3 .<br>Da mas\u00f3 Anaya refiri\u00f3 tambie n que el m\u00f3del\u00f3 de bachillerat\u00f3 de la UAT prepara<br>a sus estudiantes para l\u00f3s rig\u00f3res acade mic\u00f3s de la educaci\u00f3 n superi\u00f3r, y les<br>pr\u00f3p\u00f3rci\u00f3na las herramientas necesarias para enfrentar l\u00f3s desaf\u00ed \u00f3s de la vida c\u00f3n<br>c\u00f3nfianza y determinaci\u00f3 n.<br>P\u00f3r su parte, la direct\u00f3ra Mar\u00ed a del Pilar Garza Aguilar, agradeci\u00f3 al rect\u00f3r p\u00f3r el<br>ap\u00f3y\u00f3 para f\u00f3rtalecer la infraestructura educativa, en d\u00f3nde se destacan una bibli\u00f3teca<br>y un espaci\u00f3 para la f\u00f3rmaci\u00f3 n integral de l\u00f3s estudiantes, acci\u00f3nes, que dij\u00f3, elevara n<br>l\u00f3s indicad\u00f3res de calidad de la Preparat\u00f3ria Mante.<br>A n\u00f3mbre de la Generaci\u00f3 n 2021-2024, Daniela L\u00f3 pez C\u00f3ntreras agradeci\u00f3 a la<br>instituci\u00f3 n, a sus directiv\u00f3s y d\u00f3centes p\u00f3r el empen \u00f3 vertid\u00f3 en su educaci\u00f3 n, y apunt\u00f3<br>que seguira n trabajand\u00f3 para p\u00f3ner en alt\u00f3 el n\u00f3mbre de la ma xima casa de estudi\u00f3s<br>durante la etapa universitaria que les espera.<\/p>\n","protected":false},"excerpt":{"rendered":"La Universidad Aut\u00f3 n\u00f3ma de Tamaulipas (UAT) egres\u00f3 a un t\u00f3tal de 310 estudiantesque c\u00f3ncluyer\u00f3n su bachillerat\u00f3 en la Escuela Preparat\u00f3ria Mante, pertenecientes a laGeneraci\u00f3 n 2021-2024.El rect\u00f3r de la UAT, MVZ Da mas\u00f3 Anaya Alvarad\u00f3, presidi\u00f3 , en las instalaci\u00f3nesdel plantel en Ciudad Mante, la cerem\u00f3nia de graduaci\u00f3 n y entrega de c\u00f3nstancias deestudi\u00f3s","protected":false},"author":1,"featured_media":2337,"comment_status":"open","ping_status":"open","sticky":false,"template":"","format":"standard","meta":{"_monsterinsights_skip_tracking":false,"_monsterinsights_sitenote_active":false,"_monsterinsights_sitenote_note":"","_monsterinsights_sitenote_category":0,"footnotes":""},"categories":[3],"tags":[],"class_list":["post-2336","post","type-post","status-publish","format-standard","has-post-thumbnail","hentry","category-noticias"],"aioseo_notices":[],"amp_enabled":true,"_links":{"self":[{"href":"https:\/\/tamaulipasmiregion.com\/index.php?rest_route=\/wp\/v2\/posts\/2336","targetHints":{"allow":["GET"]}}],"collection":[{"href":"https:\/\/tamaulipasmiregion.com\/index.php?rest_route=\/wp\/v2\/posts"}],"about":[{"href":"https:\/\/tamaulipasmiregion.com\/index.php?rest_route=\/wp\/v2\/types\/post"}],"author":[{"embeddable":true,"href":"https:\/\/tamaulipasmiregion.com\/index.php?rest_route=\/wp\/v2\/users\/1"}],"replies":[{"embeddable":true,"href":"https:\/\/tamaulipasmiregion.com\/index.php?rest_route=%2Fwp%2Fv2%2Fcomments&post=2336"}],"version-history":[{"count":1,"href":"https:\/\/tamaulipasmiregion.com\/index.php?rest_route=\/wp\/v2\/posts\/2336\/revisions"}],"predecessor-version":[{"id":2338,"href":"https:\/\/tamaulipasmiregion.com\/index.php?rest_route=\/wp\/v2\/posts\/2336\/revisions\/2338"}],"wp:featuredmedia":[{"embeddable":true,"href":"https:\/\/tamaulipasmiregion.com\/index.php?rest_route=\/wp\/v2\/media\/2337"}],"wp:attachment":[{"href":"https:\/\/tamaulipasmiregion.com\/index.php?rest_route=%2Fwp%2Fv2%2Fmedia&parent=2336"}],"wp:term":[{"taxonomy":"category","embeddable":true,"href":"https:\/\/tamaulipasmiregion.com\/index.php?rest_route=%2Fwp%2Fv2%2Fcategories&post=2336"},{"taxonomy":"post_tag","embeddable":true,"href":"https:\/\/tamaulipasmiregion.com\/index.php?rest_route=%2Fwp%2Fv2%2Ftags&post=2336"}],"curies":[{"name":"wp","href":"https:\/\/api.w.org\/{rel}","templated":true}]}}