{"id":2339,"date":"2024-07-08T20:17:39","date_gmt":"2024-07-08T20:17:39","guid":{"rendered":"https:\/\/tamaulipasmiregion.com\/?p=2339"},"modified":"2024-07-31T21:14:27","modified_gmt":"2024-07-31T21:14:27","slug":"celebra-el-sutauat-el-20-aniversario-de-su-fundacion","status":"publish","type":"post","link":"https:\/\/tamaulipasmiregion.com\/?p=2339","title":{"rendered":"Celebra el SUTAUAT el 20 aniversario de su fundaci\u00f3n"},"content":{"rendered":"\n<p><br>El Sindicato \u00da nico de Trabajadores Acade micos de la \u00daniversidad Auto noma de<br>Tamaulipas (S\u00daTA\u00daAT) celebro el 20 aniversario de su fundacio n en una ceremonia que<br>tuvo como marco el reconocimiento a quienes han dirigido este gremio en la ma xima<br>casa de estudios del estado.<br>La ceremonia fue presidida por el rector de la \u00daAT, MVZ Da maso Anaya Alvarado,<br>quien resalto la importancia de contar con un sindicato de acade micos fuerte, que les<br>de certeza a sus agremiados y con ello se motiven a trabajar arduamente por su<br>universidad.<br>Dijo que su administracio n seguira impulsando su apoyo a favor de la planta<br>docente, y destaco que el trabajo de los catedra ticos es fundamental para la \u00daAT en esta<br>nueva etapa de transformacio n y humanismo en la educacio n.<br>\u201cEs importante seguir fortaleciendo al sindicato; trabajando en equipo,<br>buscando siempre ofrecer la mejor calidad en la educacio n para el beneficio de los<br>estudiantes\u201d, indico .<br>Subrayo que se buscara fortalecer los acuerdos para ofrecer mayores beneficios<br>al personal acade mico, y asevero que esta administracio n rectoral se caracterizara por<br>escuchar y atender las inquietudes y necesidades de toda la comunidad universitaria.<br>Por su parte, el Mtro. Luis Gerardo Galva n Velazco, secretario general estatal del<br>S\u00daTA\u00daAT, agradecio al rector su disposicio n para apoyar a los maestros no solo en el<br>rubro salarial, sino en diversas prestaciones que ratifican su buena voluntad y<br>humanismo.<br>El dirigente sindical expuso una remembranza de la fundacio n y el desarrollo<br>que ha tenido este gremio acade mico, y afirmo que en la actualidad se han sentado<br>bases so lidas para lograr el mejoramiento y la defensa de los intereses comunes de sus<br>integrantes.<br>En este marco conmemorativo, el rector Da maso Anaya le hizo entrega de un<br>reconocimiento al ex secretario general del S\u00daTA\u00daAT, Dr. Jose Antonio Serna Hinojosa,<br>por la importante labor desempen ada durante su gestio n, y al secretario general<br>fundador, Gustavo Rueda Herna ndez.<br>Finalmente, se llevo a cabo el tradicional sorteo de tres automo viles en beneficio<br>de los maestros sindicalizados de las zonas Sur, Norte y Centro de la \u00daAT.<\/p>\n","protected":false},"excerpt":{"rendered":"El Sindicato \u00da nico de Trabajadores Acade micos de la \u00daniversidad Auto noma deTamaulipas (S\u00daTA\u00daAT) celebro el 20 aniversario de su fundacio n en una ceremonia quetuvo como marco el reconocimiento a quienes han dirigido este gremio en la ma ximacasa de estudios del estado.La ceremonia fue presidida por el rector de la \u00daAT, MVZ","protected":false},"author":1,"featured_media":2340,"comment_status":"open","ping_status":"open","sticky":false,"template":"","format":"standard","meta":{"_monsterinsights_skip_tracking":false,"_monsterinsights_sitenote_active":false,"_monsterinsights_sitenote_note":"","_monsterinsights_sitenote_category":0,"footnotes":""},"categories":[3],"tags":[],"class_list":["post-2339","post","type-post","status-publish","format-standard","has-post-thumbnail","hentry","category-noticias"],"aioseo_notices":[],"amp_enabled":true,"_links":{"self":[{"href":"https:\/\/tamaulipasmiregion.com\/index.php?rest_route=\/wp\/v2\/posts\/2339","targetHints":{"allow":["GET"]}}],"collection":[{"href":"https:\/\/tamaulipasmiregion.com\/index.php?rest_route=\/wp\/v2\/posts"}],"about":[{"href":"https:\/\/tamaulipasmiregion.com\/index.php?rest_route=\/wp\/v2\/types\/post"}],"author":[{"embeddable":true,"href":"https:\/\/tamaulipasmiregion.com\/index.php?rest_route=\/wp\/v2\/users\/1"}],"replies":[{"embeddable":true,"href":"https:\/\/tamaulipasmiregion.com\/index.php?rest_route=%2Fwp%2Fv2%2Fcomments&post=2339"}],"version-history":[{"count":1,"href":"https:\/\/tamaulipasmiregion.com\/index.php?rest_route=\/wp\/v2\/posts\/2339\/revisions"}],"predecessor-version":[{"id":2341,"href":"https:\/\/tamaulipasmiregion.com\/index.php?rest_route=\/wp\/v2\/posts\/2339\/revisions\/2341"}],"wp:featuredmedia":[{"embeddable":true,"href":"https:\/\/tamaulipasmiregion.com\/index.php?rest_route=\/wp\/v2\/media\/2340"}],"wp:attachment":[{"href":"https:\/\/tamaulipasmiregion.com\/index.php?rest_route=%2Fwp%2Fv2%2Fmedia&parent=2339"}],"wp:term":[{"taxonomy":"category","embeddable":true,"href":"https:\/\/tamaulipasmiregion.com\/index.php?rest_route=%2Fwp%2Fv2%2Fcategories&post=2339"},{"taxonomy":"post_tag","embeddable":true,"href":"https:\/\/tamaulipasmiregion.com\/index.php?rest_route=%2Fwp%2Fv2%2Ftags&post=2339"}],"curies":[{"name":"wp","href":"https:\/\/api.w.org\/{rel}","templated":true}]}}