{"id":2368,"date":"2024-07-09T22:45:07","date_gmt":"2024-07-09T22:45:07","guid":{"rendered":"https:\/\/tamaulipasmiregion.com\/?p=2368"},"modified":"2024-08-01T22:46:26","modified_gmt":"2024-08-01T22:46:26","slug":"disena-la-uat-proyectos-para-restaurar-edificios-historicos-del-municipio-de-jimenez","status":"publish","type":"post","link":"https:\/\/tamaulipasmiregion.com\/?p=2368","title":{"rendered":"Dise\u00f1a la UAT proyectos para restaurar edificios hist\u00f3ricos del municipio de Jim\u00e9nez"},"content":{"rendered":"<p>La Universidad Aut\u00f3n\u00f3ma de Tamaulipas (UAT) c\u00f3ncluy\u00f3 l\u00f3s pr\u00f3yect\u00f3s que buscan<br \/>\nrevitalizar y c\u00f3nservar la Casa del C\u00f3nde de Sierra G\u00f3rda y la Parr\u00f3quia de l\u00f3s Cinc\u00f3<br \/>\nSen \u00f3res en el municipi\u00f3 de Jime nez, en una pr\u00f3puesta integrad\u00f3ra para crear un muse\u00f3<br \/>\ny centr\u00f3 cultural que c\u00f3ntribuya al rescate del patrim\u00f3ni\u00f3 hist\u00f3 ric\u00f3 y a f\u00f3mentar el<br \/>\nturism\u00f3 en esta regi\u00f3 n de Tamaulipas.<br \/>\nLa presentaci\u00f3 n y entrega de este planteamient\u00f3 universitari\u00f3 se llev\u00f3 a cab\u00f3 en<br \/>\nla reuni\u00f3 n que presidi\u00f3 el rect\u00f3r de la UAT, MVZ Da mas\u00f3 Anaya Alvarad\u00f3, c\u00f3n el Ing.<br \/>\nPedr\u00f3 Cepeda Anaya, secretari\u00f3 de Obras Pu blicas del G\u00f3biern\u00f3 de Tamaulipas, y el Ing.<br \/>\nLuis Enrique Salazar Sa nchez, presidente municipal de Jime nez.<br \/>\nEl rect\u00f3r Da mas\u00f3 Anaya agradeci\u00f3 el esfuerz\u00f3 y dedicaci\u00f3 n del equip\u00f3 de la<br \/>\nFacultad de Arquitectura, Disen \u00f3 y Urbanism\u00f3 (FADU) de la UAT que desarr\u00f3ll\u00f3 el<br \/>\npr\u00f3yect\u00f3 \u201cCasa C\u00f3nde de Sierra G\u00f3rda\u201d y el antepr\u00f3yect\u00f3 de trabaj\u00f3s de caracterizaci\u00f3 n<br \/>\ny estructuras de la Parr\u00f3quia de l\u00f3s Cinc\u00f3 Sen \u00f3res.<br \/>\nEn este marc\u00f3, el rect\u00f3r hiz\u00f3 la entrega de este trabaj\u00f3 al titular de Obras Pu blicas<br \/>\ndel estad\u00f3 y al alcalde de Jime nez, destacand\u00f3 el c\u00f3mpr\u00f3mis\u00f3 de la UAT c\u00f3n el desarr\u00f3ll\u00f3<br \/>\ns\u00f3cial y ec\u00f3n\u00f3 mic\u00f3 de Tamaulipas.<br \/>\nResalt\u00f3 Da mas\u00f3 Anaya que la Universidad busca ser un ente s\u00f3cial muy<br \/>\nparticipativ\u00f3 y c\u00f3lab\u00f3rativ\u00f3 c\u00f3n la s\u00f3ciedad y el G\u00f3biern\u00f3, y que, en ese sentid\u00f3, cuenta<br \/>\nc\u00f3n grandes f\u00f3rtalezas acade micas y c\u00f3n un equip\u00f3 te cnic\u00f3 capacitad\u00f3 para participar<br \/>\nactivamente en el desarr\u00f3ll\u00f3 del estad\u00f3.<br \/>\nP\u00f3r su parte, el secretari\u00f3 de Obras Pu blicas, Pedr\u00f3 Cepeda, dij\u00f3 que el estudi\u00f3<br \/>\nelab\u00f3rad\u00f3 p\u00f3r la UAT es un pas\u00f3 fundamental para identificar el \u00f3rigen de l\u00f3s dan \u00f3s que<br \/>\nafectan a est\u00f3s edifici\u00f3s hist\u00f3 ric\u00f3s y trabajar en su restauraci\u00f3 n.<br \/>\nEn su \u00f3p\u00f3rtunidad, el presidente municipal de Jime nez, Luis Enrique Salazar,<br \/>\nagradeci\u00f3 el ap\u00f3y\u00f3 de la UAT y subray\u00f3 la relevancia de est\u00f3s pr\u00f3yect\u00f3s para el<br \/>\ndesarr\u00f3ll\u00f3 ec\u00f3n\u00f3 mic\u00f3 y s\u00f3cial del municipi\u00f3.<br \/>\nEn la reuni\u00f3 n estuvier\u00f3n la Lic. Is\u00f3lda Rend\u00f3 n de Anaya, presidenta del<br \/>\nV\u00f3luntariad\u00f3 Familia UAT, y la Dra. Lisbeth Ame rica Brandt Garc\u00ed a, direct\u00f3ra de la FADU,<br \/>\nquien destac\u00f3 el esfuerz\u00f3 c\u00f3njunt\u00f3 de alumn\u00f3s y pr\u00f3fes\u00f3res en la realizaci\u00f3 n de est\u00f3s<br \/>\npr\u00f3yect\u00f3s.<br \/>\nEl pr\u00f3yect\u00f3 de la Casa del C\u00f3nde de Sierra G\u00f3rda, c\u00f3nstruida en 1751, pr\u00f3p\u00f3ne<br \/>\nun muse\u00f3 y centr\u00f3 cultural que c\u00f3ntribuya a impulsar el desarr\u00f3ll\u00f3 ec\u00f3n\u00f3 mic\u00f3 y<br \/>\ntur\u00ed stic\u00f3 de la regi\u00f3 n. P\u00f3r \u00f3tr\u00f3 lad\u00f3, el antepr\u00f3yect\u00f3 de la Parr\u00f3quia de l\u00f3s Cinc\u00f3<br \/>\nSen \u00f3res, c\u00f3nstruida entre 1757 y 1764, incluye un diagn\u00f3 stic\u00f3 de l\u00f3s dan \u00f3s<br \/>\nestructurales y pr\u00f3puestas para su c\u00f3nservaci\u00f3 n y restauraci\u00f3 n siguiend\u00f3 l\u00f3s<br \/>\nlineamient\u00f3s del Institut\u00f3 Naci\u00f3nal de Antr\u00f3p\u00f3l\u00f3g\u00ed a e Hist\u00f3ria (INAH).<\/p>\n","protected":false},"excerpt":{"rendered":"La Universidad Aut\u00f3n\u00f3ma de Tamaulipas (UAT) c\u00f3ncluy\u00f3 l\u00f3s pr\u00f3yect\u00f3s que buscan revitalizar y c\u00f3nservar la Casa del C\u00f3nde de Sierra G\u00f3rda y la Parr\u00f3quia de l\u00f3s Cinc\u00f3 Sen \u00f3res en el municipi\u00f3 de Jime nez, en una pr\u00f3puesta integrad\u00f3ra para crear un muse\u00f3 y centr\u00f3 cultural que c\u00f3ntribuya al rescate del patrim\u00f3ni\u00f3 hist\u00f3 ric\u00f3 y","protected":false},"author":2,"featured_media":2370,"comment_status":"open","ping_status":"open","sticky":false,"template":"","format":"standard","meta":{"_monsterinsights_skip_tracking":false,"_monsterinsights_sitenote_active":false,"_monsterinsights_sitenote_note":"","_monsterinsights_sitenote_category":0,"footnotes":""},"categories":[3],"tags":[],"class_list":["post-2368","post","type-post","status-publish","format-standard","has-post-thumbnail","hentry","category-noticias"],"aioseo_notices":[],"amp_enabled":true,"_links":{"self":[{"href":"https:\/\/tamaulipasmiregion.com\/index.php?rest_route=\/wp\/v2\/posts\/2368","targetHints":{"allow":["GET"]}}],"collection":[{"href":"https:\/\/tamaulipasmiregion.com\/index.php?rest_route=\/wp\/v2\/posts"}],"about":[{"href":"https:\/\/tamaulipasmiregion.com\/index.php?rest_route=\/wp\/v2\/types\/post"}],"author":[{"embeddable":true,"href":"https:\/\/tamaulipasmiregion.com\/index.php?rest_route=\/wp\/v2\/users\/2"}],"replies":[{"embeddable":true,"href":"https:\/\/tamaulipasmiregion.com\/index.php?rest_route=%2Fwp%2Fv2%2Fcomments&post=2368"}],"version-history":[{"count":1,"href":"https:\/\/tamaulipasmiregion.com\/index.php?rest_route=\/wp\/v2\/posts\/2368\/revisions"}],"predecessor-version":[{"id":2371,"href":"https:\/\/tamaulipasmiregion.com\/index.php?rest_route=\/wp\/v2\/posts\/2368\/revisions\/2371"}],"wp:featuredmedia":[{"embeddable":true,"href":"https:\/\/tamaulipasmiregion.com\/index.php?rest_route=\/wp\/v2\/media\/2370"}],"wp:attachment":[{"href":"https:\/\/tamaulipasmiregion.com\/index.php?rest_route=%2Fwp%2Fv2%2Fmedia&parent=2368"}],"wp:term":[{"taxonomy":"category","embeddable":true,"href":"https:\/\/tamaulipasmiregion.com\/index.php?rest_route=%2Fwp%2Fv2%2Fcategories&post=2368"},{"taxonomy":"post_tag","embeddable":true,"href":"https:\/\/tamaulipasmiregion.com\/index.php?rest_route=%2Fwp%2Fv2%2Ftags&post=2368"}],"curies":[{"name":"wp","href":"https:\/\/api.w.org\/{rel}","templated":true}]}}