{"id":2390,"date":"2024-07-13T15:49:11","date_gmt":"2024-07-13T15:49:11","guid":{"rendered":"https:\/\/tamaulipasmiregion.com\/?p=2390"},"modified":"2024-08-02T15:50:21","modified_gmt":"2024-08-02T15:50:21","slug":"difundira-la-uat-su-acervo-historico-en-la-plataforma-memorica-mexico","status":"publish","type":"post","link":"https:\/\/tamaulipasmiregion.com\/?p=2390","title":{"rendered":"Difundir\u00e1 la UAT su acervo hist\u00f3rico en la plataforma Mem\u00f3rica M\u00e9xico"},"content":{"rendered":"<p>En un esfuerzo por incrementar el acceso a los documentos histo ricos y culturales de la<br \/>\nregio n, la Universidad Auto noma de Tamaulipas (UAT) firmo un acuerdo de<br \/>\ncolaboracio n con Memo rica. Me xico, haz memoria, un repositorio digital de<br \/>\ninstituciones nacionales impulsado por el Gobierno de Me xico a trave s del Archivo<br \/>\nGeneral de la Nacio n, que pone a disposicio n recursos digitalizados relacionados con la<br \/>\nhistoria y las expresiones culturales.<br \/>\nEn entrevista, el Dr. Octavio Herrera Pe rez, director del Instituto de<br \/>\nInvestigaciones Histo ricas de la UAT, dio a conocer que, gracias a esta colaboracio n,<br \/>\ninvestigadores y estudiosos tanto nacionales como internacionales podra n acceder a<br \/>\nimportantes acervos documentales del pa\u00ed s y la regio n mediante esta plataforma.<br \/>\nDestaco que esta colaboracio n permitira tener una visibilidad universal, puesto<br \/>\nque Memo rica Me xico esta proyectada hacia todo el pa\u00ed s y fuera de e l, facilitando el<br \/>\nacceso a nuestro acervo documental sobre Tamaulipas, el noreste de Me xico y la<br \/>\nfrontera con Estados Unidos.<br \/>\nDijo que el repositorio digital institucional de la UAT incluye una amplia variedad<br \/>\nde documentos, entre los que destacan decretos y circulares del Gobierno del Estado,<br \/>\ndocumentacio n digitalizada, folleter\u00ed a, colecciones de libros histo ricos, iconograf\u00ed a y<br \/>\ncartograf\u00ed a, material que esta disponible para el pu blico y puede ser consultado y<br \/>\ndescargado libremente.<br \/>\nAnuncio que la UAT inaugurara su presencia en Memo rica con la publicacio n del<br \/>\ntestamento final de Agust\u00ed n de Iturbide, el emperador de Me xico, conmemorando el<br \/>\nbicentenario de su fusilamiento, ocurrido el 19 de julio de 1824. An adio que este<br \/>\ndocumento es fundamental para entender nuestra historia y reforzara la colaboracio n<br \/>\nde la UAT con el Archivo General de la Nacio n.<br \/>\nLa incorporacio n de la UAT a este repositorio le permitira proyectar sus acervos<br \/>\nhisto ricos en una plataforma nacional de alto alcance beneficiando a la comunidad<br \/>\nacade mica e investigadora, as\u00ed como al pu blico en general, que ahora tendra un acceso<br \/>\nma s sencillo y amplio a los recursos histo ricos que esta n bajo resguardo de la ma xima<br \/>\ncasa de estudios de Tamaulipas.<\/p>\n","protected":false},"excerpt":{"rendered":"En un esfuerzo por incrementar el acceso a los documentos histo ricos y culturales de la regio n, la Universidad Auto noma de Tamaulipas (UAT) firmo un acuerdo de colaboracio n con Memo rica. Me xico, haz memoria, un repositorio digital de instituciones nacionales impulsado por el Gobierno de Me xico a trave s del","protected":false},"author":1,"featured_media":2391,"comment_status":"open","ping_status":"open","sticky":false,"template":"","format":"standard","meta":{"_monsterinsights_skip_tracking":false,"_monsterinsights_sitenote_active":false,"_monsterinsights_sitenote_note":"","_monsterinsights_sitenote_category":0,"footnotes":""},"categories":[3],"tags":[],"class_list":["post-2390","post","type-post","status-publish","format-standard","has-post-thumbnail","hentry","category-noticias"],"aioseo_notices":[],"amp_enabled":true,"_links":{"self":[{"href":"https:\/\/tamaulipasmiregion.com\/index.php?rest_route=\/wp\/v2\/posts\/2390","targetHints":{"allow":["GET"]}}],"collection":[{"href":"https:\/\/tamaulipasmiregion.com\/index.php?rest_route=\/wp\/v2\/posts"}],"about":[{"href":"https:\/\/tamaulipasmiregion.com\/index.php?rest_route=\/wp\/v2\/types\/post"}],"author":[{"embeddable":true,"href":"https:\/\/tamaulipasmiregion.com\/index.php?rest_route=\/wp\/v2\/users\/1"}],"replies":[{"embeddable":true,"href":"https:\/\/tamaulipasmiregion.com\/index.php?rest_route=%2Fwp%2Fv2%2Fcomments&post=2390"}],"version-history":[{"count":1,"href":"https:\/\/tamaulipasmiregion.com\/index.php?rest_route=\/wp\/v2\/posts\/2390\/revisions"}],"predecessor-version":[{"id":2392,"href":"https:\/\/tamaulipasmiregion.com\/index.php?rest_route=\/wp\/v2\/posts\/2390\/revisions\/2392"}],"wp:featuredmedia":[{"embeddable":true,"href":"https:\/\/tamaulipasmiregion.com\/index.php?rest_route=\/wp\/v2\/media\/2391"}],"wp:attachment":[{"href":"https:\/\/tamaulipasmiregion.com\/index.php?rest_route=%2Fwp%2Fv2%2Fmedia&parent=2390"}],"wp:term":[{"taxonomy":"category","embeddable":true,"href":"https:\/\/tamaulipasmiregion.com\/index.php?rest_route=%2Fwp%2Fv2%2Fcategories&post=2390"},{"taxonomy":"post_tag","embeddable":true,"href":"https:\/\/tamaulipasmiregion.com\/index.php?rest_route=%2Fwp%2Fv2%2Ftags&post=2390"}],"curies":[{"name":"wp","href":"https:\/\/api.w.org\/{rel}","templated":true}]}}