{"id":2412,"date":"2024-07-20T16:14:09","date_gmt":"2024-07-20T16:14:09","guid":{"rendered":"https:\/\/tamaulipasmiregion.com\/?p=2412"},"modified":"2024-08-02T16:15:14","modified_gmt":"2024-08-02T16:15:14","slug":"cierra-la-uat-con-exito-su-campamento-infantil-de-verano","status":"publish","type":"post","link":"https:\/\/tamaulipasmiregion.com\/?p=2412","title":{"rendered":"Cierra la UAT con \u00e9xito su campamento infantil de verano"},"content":{"rendered":"<p>La Universidad Aut\u00f3noma de Tamaulipas (UAT) llev\u00f3 a cabo una emotiva ceremonia de<br \/>\nclausura del Campamento Deportivo y Cultural Verano 2024, que se ofreci\u00f3 durante dos<br \/>\nsemanas en las instalaciones del Centro Universitario de Victoria.<br \/>\nEl rector D\u00e1maso Anaya Alvarado, acompa\u00f1ado de su esposa, la Lic. Isolda Rend\u00f3n<br \/>\nde Anaya, presidenta de Familia UAT, dio por concluidas las actividades que se desarrollaron<br \/>\nen el Gimnasio Multidisciplinario de Victoria, ante una multitud de ni\u00f1os, ni\u00f1as y padres de<br \/>\nfamilia.<br \/>\nEn su mensaje, el MVZ D\u00e1maso Anaya dijo que para la Universidad es una<br \/>\nsatisfacci\u00f3n organizar este tipo de eventos que son importantes para contribuir al desarrollo<br \/>\nintelectual y f\u00edsico de la ni\u00f1ez, y que adem\u00e1s les ayudan a contar con habilidades como el<br \/>\ntrabajo en equipo.<br \/>\nAgradeci\u00f3 a los padres de familia su confianza en la UAT y reiter\u00f3 el compromiso de<br \/>\nseguir promoviendo acciones que permiten a la casa de estudios fortalecer los v\u00ednculos<br \/>\nsociales mediante sus diferentes instalaciones al servicio de la comunidad en general.<br \/>\nEn el programa de clausura del Campamento Deportivo y Cultural Verano 2024 en el<br \/>\nCampus Victoria se incluy\u00f3 una exhibici\u00f3n de las actividades culturales y deportivas, la cual<br \/>\ncont\u00f3 con la participaci\u00f3n de m\u00e1s de quinientos ni\u00f1os y ni\u00f1as que ofrecieron las rutinas del<br \/>\nbaile de las emociones, exhibiciones de canto, jazz, judo, voleibol, futbol, tochito, b\u00e1squetbol,<br \/>\ntaekwondo, ajedrez y tenis de mesa.<br \/>\nPor otra parte, en el Campus Tampico se llev\u00f3 a cabo tambi\u00e9n la clausura del<br \/>\ncampamento infantil de verano Amor por la Ciencia, organizado por la Secretar\u00eda de<br \/>\nInvestigaci\u00f3n y Posgrado y la Fundaci\u00f3n Fleishman con la finalidad de acercar a los ni\u00f1os al<br \/>\nconocimiento cient\u00edfico desde temprana edad, celebrando la conclusi\u00f3n de estas actividades<br \/>\ncon una emotiva presentaci\u00f3n art\u00edstica en la Facultad de M\u00fasica y Artes.<\/p>\n","protected":false},"excerpt":{"rendered":"La Universidad Aut\u00f3noma de Tamaulipas (UAT) llev\u00f3 a cabo una emotiva ceremonia de clausura del Campamento Deportivo y Cultural Verano 2024, que se ofreci\u00f3 durante dos semanas en las instalaciones del Centro Universitario de Victoria. El rector D\u00e1maso Anaya Alvarado, acompa\u00f1ado de su esposa, la Lic. Isolda Rend\u00f3n de Anaya, presidenta de Familia UAT, dio","protected":false},"author":1,"featured_media":2413,"comment_status":"open","ping_status":"open","sticky":false,"template":"","format":"standard","meta":{"_monsterinsights_skip_tracking":false,"_monsterinsights_sitenote_active":false,"_monsterinsights_sitenote_note":"","_monsterinsights_sitenote_category":0,"footnotes":""},"categories":[3],"tags":[],"class_list":["post-2412","post","type-post","status-publish","format-standard","has-post-thumbnail","hentry","category-noticias"],"aioseo_notices":[],"amp_enabled":true,"_links":{"self":[{"href":"https:\/\/tamaulipasmiregion.com\/index.php?rest_route=\/wp\/v2\/posts\/2412","targetHints":{"allow":["GET"]}}],"collection":[{"href":"https:\/\/tamaulipasmiregion.com\/index.php?rest_route=\/wp\/v2\/posts"}],"about":[{"href":"https:\/\/tamaulipasmiregion.com\/index.php?rest_route=\/wp\/v2\/types\/post"}],"author":[{"embeddable":true,"href":"https:\/\/tamaulipasmiregion.com\/index.php?rest_route=\/wp\/v2\/users\/1"}],"replies":[{"embeddable":true,"href":"https:\/\/tamaulipasmiregion.com\/index.php?rest_route=%2Fwp%2Fv2%2Fcomments&post=2412"}],"version-history":[{"count":1,"href":"https:\/\/tamaulipasmiregion.com\/index.php?rest_route=\/wp\/v2\/posts\/2412\/revisions"}],"predecessor-version":[{"id":2414,"href":"https:\/\/tamaulipasmiregion.com\/index.php?rest_route=\/wp\/v2\/posts\/2412\/revisions\/2414"}],"wp:featuredmedia":[{"embeddable":true,"href":"https:\/\/tamaulipasmiregion.com\/index.php?rest_route=\/wp\/v2\/media\/2413"}],"wp:attachment":[{"href":"https:\/\/tamaulipasmiregion.com\/index.php?rest_route=%2Fwp%2Fv2%2Fmedia&parent=2412"}],"wp:term":[{"taxonomy":"category","embeddable":true,"href":"https:\/\/tamaulipasmiregion.com\/index.php?rest_route=%2Fwp%2Fv2%2Fcategories&post=2412"},{"taxonomy":"post_tag","embeddable":true,"href":"https:\/\/tamaulipasmiregion.com\/index.php?rest_route=%2Fwp%2Fv2%2Ftags&post=2412"}],"curies":[{"name":"wp","href":"https:\/\/api.w.org\/{rel}","templated":true}]}}