{"id":2415,"date":"2024-07-21T16:17:19","date_gmt":"2024-07-21T16:17:19","guid":{"rendered":"https:\/\/tamaulipasmiregion.com\/?p=2415"},"modified":"2024-08-02T16:18:04","modified_gmt":"2024-08-02T16:18:04","slug":"anuncia-la-uat-su-periodo-vacacional-de-verano-2024","status":"publish","type":"post","link":"https:\/\/tamaulipasmiregion.com\/?p=2415","title":{"rendered":"Anuncia la UAT su periodo vacacional de verano 2024"},"content":{"rendered":"<p>La Universidad Aut\u00f3noma de Tamaulipas (UAT) da a conocer a su comunidad universitaria<br \/>\ny al p\u00fablico en general el inicio del periodo vacacional de verano en todas sus sedes<br \/>\nacad\u00e9micas y administrativas, que se llevar\u00e1 a cabo del 22 de julio al 2 de agosto de<br \/>\nconformidad con el calendario escolar-administrativo 2024.<br \/>\nTras la conclusi\u00f3n de las actividades administrativas correspondientes al periodo de<br \/>\nverano 2024 en las dependencias, \u00e1reas de la Rector\u00eda y las diversas unidades acad\u00e9micas,<br \/>\nfacultades y escuelas de la Universidad; el personal sindicalizado, docente y de confianza<br \/>\ndisfrutar\u00e1 de un receso laboral, reanudando actividades el pr\u00f3ximo 5 de agosto de 2024.<br \/>\nEl rector de la UAT, MVZ D\u00e1maso Anaya Alvarado, destac\u00f3 la importancia de este<br \/>\nreceso para la comunidad universitaria en general, y les dese\u00f3 un periodo vacacional<br \/>\nrenovador y seguro.<br \/>\nResalt\u00f3 que la instituci\u00f3n contin\u00faa en una etapa de transformaci\u00f3n y nuevos<br \/>\nproyectos, reafirmando el compromiso de contribuir al desarrollo social del estado.<br \/>\nConforme al calendario escolar-administrativo oficial, el 19 de julio marca el fin del<br \/>\nciclo de verano, con la conclusi\u00f3n de las clases y las actividades administrativas.<br \/>\nAdem\u00e1s, se ha concluido la aplicaci\u00f3n del examen de admisi\u00f3n (EXANI II de<br \/>\nCENEVAL) para los aspirantes a ingresar a la UAT en el periodo 2024-3.<br \/>\nAl finalizar el periodo vacacional, la Universidad dar\u00e1 inicio al proceso de inscripci\u00f3n<br \/>\ny reinscripci\u00f3n para el ciclo escolar de oto\u00f1o 2024 (2024-3). Las clases est\u00e1n programadas<br \/>\npara iniciar el 19 de agosto.<br \/>\nLa Universidad Aut\u00f3noma de Tamaulipas invita a toda la comunidad universitaria y<br \/>\nal p\u00fablico en general a consultar el calendario oficial disponible en el portal en l\u00ednea<br \/>\nwww.uat.edu.mx, para estar al tanto de las fechas clave y eventos importantes.<\/p>\n","protected":false},"excerpt":{"rendered":"La Universidad Aut\u00f3noma de Tamaulipas (UAT) da a conocer a su comunidad universitaria y al p\u00fablico en general el inicio del periodo vacacional de verano en todas sus sedes acad\u00e9micas y administrativas, que se llevar\u00e1 a cabo del 22 de julio al 2 de agosto de conformidad con el calendario escolar-administrativo 2024. Tras la conclusi\u00f3n","protected":false},"author":1,"featured_media":2416,"comment_status":"open","ping_status":"open","sticky":false,"template":"","format":"standard","meta":{"_monsterinsights_skip_tracking":false,"_monsterinsights_sitenote_active":false,"_monsterinsights_sitenote_note":"","_monsterinsights_sitenote_category":0,"footnotes":""},"categories":[3],"tags":[],"class_list":["post-2415","post","type-post","status-publish","format-standard","has-post-thumbnail","hentry","category-noticias"],"aioseo_notices":[],"amp_enabled":true,"_links":{"self":[{"href":"https:\/\/tamaulipasmiregion.com\/index.php?rest_route=\/wp\/v2\/posts\/2415","targetHints":{"allow":["GET"]}}],"collection":[{"href":"https:\/\/tamaulipasmiregion.com\/index.php?rest_route=\/wp\/v2\/posts"}],"about":[{"href":"https:\/\/tamaulipasmiregion.com\/index.php?rest_route=\/wp\/v2\/types\/post"}],"author":[{"embeddable":true,"href":"https:\/\/tamaulipasmiregion.com\/index.php?rest_route=\/wp\/v2\/users\/1"}],"replies":[{"embeddable":true,"href":"https:\/\/tamaulipasmiregion.com\/index.php?rest_route=%2Fwp%2Fv2%2Fcomments&post=2415"}],"version-history":[{"count":1,"href":"https:\/\/tamaulipasmiregion.com\/index.php?rest_route=\/wp\/v2\/posts\/2415\/revisions"}],"predecessor-version":[{"id":2417,"href":"https:\/\/tamaulipasmiregion.com\/index.php?rest_route=\/wp\/v2\/posts\/2415\/revisions\/2417"}],"wp:featuredmedia":[{"embeddable":true,"href":"https:\/\/tamaulipasmiregion.com\/index.php?rest_route=\/wp\/v2\/media\/2416"}],"wp:attachment":[{"href":"https:\/\/tamaulipasmiregion.com\/index.php?rest_route=%2Fwp%2Fv2%2Fmedia&parent=2415"}],"wp:term":[{"taxonomy":"category","embeddable":true,"href":"https:\/\/tamaulipasmiregion.com\/index.php?rest_route=%2Fwp%2Fv2%2Fcategories&post=2415"},{"taxonomy":"post_tag","embeddable":true,"href":"https:\/\/tamaulipasmiregion.com\/index.php?rest_route=%2Fwp%2Fv2%2Ftags&post=2415"}],"curies":[{"name":"wp","href":"https:\/\/api.w.org\/{rel}","templated":true}]}}