{"id":2456,"date":"2024-08-04T21:30:32","date_gmt":"2024-08-04T21:30:32","guid":{"rendered":"https:\/\/tamaulipasmiregion.com\/?p=2456"},"modified":"2024-08-04T21:30:33","modified_gmt":"2024-08-04T21:30:33","slug":"reanuda-la-uat-actividad-administrativa-y-prepara-apertura-del-ciclo-escolar","status":"publish","type":"post","link":"https:\/\/tamaulipasmiregion.com\/?p=2456","title":{"rendered":"Reanuda la UAT actividad administrativa y prepara apertura del ciclo escolar"},"content":{"rendered":"<p>La Universidad Aut\u00f3 n\u00f3ma de Tamaulipas (UAT) se prepara para ret\u00f3mar sus<br \/>\nactividades acade micas y administrativas c\u00f3rresp\u00f3ndientes al cicl\u00f3 esc\u00f3lar Ot\u00f3n \u00f3 2024<br \/>\ndespue s del peri\u00f3d\u00f3 vacaci\u00f3nal de veran\u00f3, que c\u00f3mprendi\u00f3 del 22 de juli\u00f3 al 2 de ag\u00f3st\u00f3<br \/>\nde 2024.<br \/>\nC\u00f3nf\u00f3rme al calendari\u00f3 esc\u00f3lar-administrativ\u00f3 \u00f3ficial, el cicl\u00f3 de veran\u00f3 c\u00f3ncluy\u00f3<br \/>\nc\u00f3n la finalizaci\u00f3 n de las clases y actividades administrativas pr\u00f3gramadas, incluida la<br \/>\naplicaci\u00f3 n del examen de admisi\u00f3 n EXANI II del CENEVAL durante el mes de juli\u00f3 para<br \/>\nl\u00f3s aspirantes a ingresar en el peri\u00f3d\u00f3 2024-3, tambie n den\u00f3minad\u00f3 peri\u00f3d\u00f3 de \u00f3t\u00f3n \u00f3.<br \/>\nA partir del lunes 5 de ag\u00f3st\u00f3 de 2024, la UAT reanuda las inscripci\u00f3nes y<br \/>\nreinscripci\u00f3nes para el cicl\u00f3 de \u00f3t\u00f3n \u00f3 2024 (2024-3), c\u00f3n el inici\u00f3 de clases pr\u00f3gramad\u00f3<br \/>\npara el 19 de ag\u00f3st\u00f3.<br \/>\nEl cicl\u00f3 acade mic\u00f3 se extendera hasta el 6 de diciembre de 2024, \u00f3freciend\u00f3 a l\u00f3s<br \/>\nestudiantes la \u00f3p\u00f3rtunidad de ajustar sus h\u00f3rari\u00f3s durante la semana del 19 al 23 de<br \/>\nag\u00f3st\u00f3, peri\u00f3d\u00f3 destinad\u00f3 para altas y bajas de materias.<br \/>\nLa UAT invita a cada aspirante a mantenerse en c\u00f3ntact\u00f3 c\u00f3n la facultad, unidad<br \/>\nacade mica \u00f3 escuela de su intere s para \u00f3btener la inf\u00f3rmaci\u00f3 n necesaria durante el<br \/>\npr\u00f3ces\u00f3 de inscripci\u00f3 n, res\u00f3lver sus dudas y estar atent\u00f3 a l\u00f3s anunci\u00f3s pr\u00f3p\u00f3rci\u00f3nad\u00f3s<br \/>\np\u00f3r l\u00f3s planteles universitari\u00f3s a trave s de sus respectiv\u00f3s siti\u00f3s web y redes s\u00f3ciales.<br \/>\nC\u00f3n el inici\u00f3 de este cicl\u00f3 esc\u00f3lar, la ma xima casa de estudi\u00f3s de Tamaulipas, baj\u00f3 el<br \/>\nliderazg\u00f3 del rect\u00f3r Da mas\u00f3 Anaya Alvarad\u00f3, implementa un nuev\u00f3 m\u00f3del\u00f3 acade mic\u00f3<br \/>\nbaj\u00f3 el Plan de Desarr\u00f3ll\u00f3 Instituci\u00f3nal 2024-2028 \u00abLa UAT se Transf\u00f3rma\u00bb.<br \/>\nEste plan se presenta c\u00f3m\u00f3 un instrument\u00f3 clave para alinear l\u00f3s \u00f3bjetiv\u00f3s<br \/>\ninstituci\u00f3nales c\u00f3n las metas estatales y naci\u00f3nales, pr\u00f3m\u00f3viend\u00f3 una f\u00f3rmaci\u00f3n<br \/>\nintegral humanista, el desarr\u00f3ll\u00f3 de capital human\u00f3 especializad\u00f3, y la inn\u00f3vaci\u00f3n<br \/>\neducativa para f\u00f3rtalecer principi\u00f3s c\u00ed vic\u00f3s y m\u00f3rales.<br \/>\nLa UAT reafirma su c\u00f3mpr\u00f3mis\u00f3 c\u00f3n la calidad educativa y el desarr\u00f3ll\u00f3 integral de<br \/>\nsus estudiantes, invitand\u00f3 a c\u00f3nsultar el calendari\u00f3 \u00f3ficial y estar al tant\u00f3 de las fechas<br \/>\ny event\u00f3s imp\u00f3rtantes en el p\u00f3rtal \u00f3ficial www.uat.edu.mx.<\/p>\n","protected":false},"excerpt":{"rendered":"La Universidad Aut\u00f3 n\u00f3ma de Tamaulipas (UAT) se prepara para ret\u00f3mar sus actividades acade micas y administrativas c\u00f3rresp\u00f3ndientes al cicl\u00f3 esc\u00f3lar Ot\u00f3n \u00f3 2024 despue s del peri\u00f3d\u00f3 vacaci\u00f3nal de veran\u00f3, que c\u00f3mprendi\u00f3 del 22 de juli\u00f3 al 2 de ag\u00f3st\u00f3 de 2024. C\u00f3nf\u00f3rme al calendari\u00f3 esc\u00f3lar-administrativ\u00f3 \u00f3ficial, el cicl\u00f3 de veran\u00f3 c\u00f3ncluy\u00f3 c\u00f3n la","protected":false},"author":1,"featured_media":2457,"comment_status":"open","ping_status":"open","sticky":false,"template":"","format":"standard","meta":{"_monsterinsights_skip_tracking":false,"_monsterinsights_sitenote_active":false,"_monsterinsights_sitenote_note":"","_monsterinsights_sitenote_category":0,"footnotes":""},"categories":[3],"tags":[],"class_list":["post-2456","post","type-post","status-publish","format-standard","has-post-thumbnail","hentry","category-noticias"],"aioseo_notices":[],"amp_enabled":true,"_links":{"self":[{"href":"https:\/\/tamaulipasmiregion.com\/index.php?rest_route=\/wp\/v2\/posts\/2456","targetHints":{"allow":["GET"]}}],"collection":[{"href":"https:\/\/tamaulipasmiregion.com\/index.php?rest_route=\/wp\/v2\/posts"}],"about":[{"href":"https:\/\/tamaulipasmiregion.com\/index.php?rest_route=\/wp\/v2\/types\/post"}],"author":[{"embeddable":true,"href":"https:\/\/tamaulipasmiregion.com\/index.php?rest_route=\/wp\/v2\/users\/1"}],"replies":[{"embeddable":true,"href":"https:\/\/tamaulipasmiregion.com\/index.php?rest_route=%2Fwp%2Fv2%2Fcomments&post=2456"}],"version-history":[{"count":1,"href":"https:\/\/tamaulipasmiregion.com\/index.php?rest_route=\/wp\/v2\/posts\/2456\/revisions"}],"predecessor-version":[{"id":2458,"href":"https:\/\/tamaulipasmiregion.com\/index.php?rest_route=\/wp\/v2\/posts\/2456\/revisions\/2458"}],"wp:featuredmedia":[{"embeddable":true,"href":"https:\/\/tamaulipasmiregion.com\/index.php?rest_route=\/wp\/v2\/media\/2457"}],"wp:attachment":[{"href":"https:\/\/tamaulipasmiregion.com\/index.php?rest_route=%2Fwp%2Fv2%2Fmedia&parent=2456"}],"wp:term":[{"taxonomy":"category","embeddable":true,"href":"https:\/\/tamaulipasmiregion.com\/index.php?rest_route=%2Fwp%2Fv2%2Fcategories&post=2456"},{"taxonomy":"post_tag","embeddable":true,"href":"https:\/\/tamaulipasmiregion.com\/index.php?rest_route=%2Fwp%2Fv2%2Ftags&post=2456"}],"curies":[{"name":"wp","href":"https:\/\/api.w.org\/{rel}","templated":true}]}}