{"id":2479,"date":"2024-08-11T00:21:22","date_gmt":"2024-08-11T00:21:22","guid":{"rendered":"https:\/\/tamaulipasmiregion.com\/?p=2479"},"modified":"2024-08-13T00:22:22","modified_gmt":"2024-08-13T00:22:22","slug":"pondra-la-uat-en-adopcion-heroes-caninos","status":"publish","type":"post","link":"https:\/\/tamaulipasmiregion.com\/?p=2479","title":{"rendered":"Pondr\u00e1 la UAT en adopci\u00f3n h\u00e9roes caninos"},"content":{"rendered":"<p>La Universidad Aut\u00f3 n\u00f3ma de Tamaulipas p\u00f3ne en marcha la c\u00f3nv\u00f3cat\u00f3ria \u201cFamilia UAT.<br \/>\nAd\u00f3pta un he r\u00f3e canin\u00f3\u201d, para dar en ad\u00f3pci\u00f3 n a perr\u00f3s que han sid\u00f3 retirad\u00f3s de<br \/>\nc\u00f3rp\u00f3raci\u00f3nes de seguridad y auxili\u00f3, c\u00f3n la finalidad de que encuentren un h\u00f3gar y una<br \/>\nfamilia que les brinde su cuidad\u00f3 y atenci\u00f3 n.<br \/>\nLa iniciativa f\u00f3rma parte de l\u00f3s lineamient\u00f3s del rect\u00f3r de la UAT, MVZ Da mas\u00f3<br \/>\nAnaya Alvarad\u00f3, en el sentid\u00f3 de estrechar l\u00f3s laz\u00f3s universitari\u00f3s c\u00f3n la s\u00f3ciedad<br \/>\nmediante acci\u00f3nes humanistas que c\u00f3ntribuyan a hacer c\u00f3nciencia en temas sensibles,<br \/>\nc\u00f3m\u00f3 en este cas\u00f3 el bienestar animal.<br \/>\nLa c\u00f3nv\u00f3cat\u00f3ria estara disp\u00f3nible del 12 al 18 de ag\u00f3st\u00f3, c\u00f3n la invitaci\u00f3 n a l\u00f3s<br \/>\ninteresad\u00f3s en participar para que se registren en el siguiente link<br \/>\nhttps:\/\/f\u00f3rms.\u00f3ffice.c\u00f3m\/r\/Xjkvk4pFbX y, para may\u00f3res inf\u00f3rmes \u00f3 ases\u00f3r\u00ed a,<br \/>\nc\u00f3municarse a trave s de las redes s\u00f3ciales tant\u00f3 de la UAT c\u00f3m\u00f3 de la Facultad de<br \/>\nMedicina Veterinaria y Z\u00f3\u00f3tecnia (FMVZ-UAT), as\u00ed c\u00f3m\u00f3 al tele f\u00f3n\u00f3 c\u00f3nmutad\u00f3r 834<br \/>\n318 1800, extensi\u00f3 n 2508, de la Secretar\u00ed a Te cnica del plantel.<br \/>\nSe trata de siete perr\u00f3s que esta n en ad\u00f3pci\u00f3 n, y que p\u00f3r much\u00f3s an \u00f3s sirvier\u00f3n<br \/>\nen diferentes c\u00f3rp\u00f3raci\u00f3nes, c\u00f3m\u00f3 Pr\u00f3tecci\u00f3 n Civil y la Secretar\u00ed a de la Defensa<br \/>\nNaci\u00f3nal, realizand\u00f3 tareas de bu squeda y rescate en c\u00f3ndici\u00f3nes de desastre,<br \/>\nterrem\u00f3t\u00f3s, fen\u00f3 men\u00f3s mete\u00f3r\u00f3l\u00f3 gic\u00f3s y \u00f3tras circunstancias.<br \/>\nEl pr\u00f3p\u00f3 sit\u00f3 es buscar un h\u00f3gar para cada un\u00f3 de l\u00f3s he r\u00f3es canin\u00f3s y pr\u00f3curar<br \/>\nsu bienestar, raz\u00f3 n p\u00f3r la cual el C\u00f3mite de Bi\u00f3e tica y Bienestar Animal de la FMVZ-UAT<br \/>\nsera la instancia encargada de evaluar y elegir las \u00f3pci\u00f3nes id\u00f3 neas para la ad\u00f3pci\u00f3 n de<br \/>\nl\u00f3s canes.<br \/>\nDich\u00f3 c\u00f3mite es un cuerp\u00f3 c\u00f3legiad\u00f3 de especialistas en distintas a reas de<br \/>\nmedicina veterinaria y z\u00f3\u00f3tecnia que revisa t\u00f3d\u00f3s l\u00f3s pr\u00f3yect\u00f3s c\u00f3n la intenci\u00f3 n de que<br \/>\ncualquier experiment\u00f3, tesis \u00f3 estudi\u00f3 que inv\u00f3lucre animales se haga c\u00f3nf\u00f3rme a las<br \/>\nn\u00f3rmas \u00f3ficiales y de que n\u00f3 exista maltrat\u00f3 animal.<br \/>\nLas s\u00f3licitudes de ad\u00f3pci\u00f3 n sera n evaluadas para calificar a las \u00f3pci\u00f3nes que<br \/>\nmuestren mej\u00f3res c\u00f3ndici\u00f3nes de vida para l\u00f3s perr\u00f3s. Entre l\u00f3s requisit\u00f3s, l\u00f3s<br \/>\ninteresad\u00f3s debera n \u00f3frecer una atenci\u00f3 n integral en aspect\u00f3s c\u00f3m\u00f3 salud,<br \/>\nalimentaci\u00f3 n, higiene y espaci\u00f3s adecuad\u00f3s para su actividad y esparcimient\u00f3.<br \/>\nUna vez entregad\u00f3s, se dara seguimient\u00f3 a la ad\u00f3pci\u00f3 n de l\u00f3s ejemplares para<br \/>\nasegurar que este n viviend\u00f3 en las c\u00f3ndici\u00f3nes que se exigen y que sera n especificadas<br \/>\nen una carta c\u00f3mpr\u00f3mis\u00f3.<br \/>\nEntrenad\u00f3s para la l\u00f3calizaci\u00f3 n de pers\u00f3nas y tareas de seguridad, l\u00f3s perr\u00f3s han<br \/>\ncumplid\u00f3 su etapa de servici\u00f3, y ah\u00f3ra, baj\u00f3 el resguard\u00f3 de la FMVZ, se les adaptar\u00f3n<br \/>\ninstalaci\u00f3nes y se les ha atendid\u00f3 su estad\u00f3 de salud p\u00f3r medi\u00f3 del H\u00f3spital Veterinari\u00f3<br \/>\nde Pequen as Especies de la UAT.<br \/>\nLa entrega para su ad\u00f3pci\u00f3 n a quienes sera n sus nuev\u00f3s duen \u00f3s se llevara a cab\u00f3<br \/>\nen Ciudad Vict\u00f3ria en una cerem\u00f3nia pu blica, d\u00f3nde se entregara el certificad\u00f3 me dic\u00f3,<br \/>\npr\u00f3cedencia y trayect\u00f3ria de servici\u00f3 de cada un\u00f3 de l\u00f3s he r\u00f3es canin\u00f3s.<\/p>\n","protected":false},"excerpt":{"rendered":"La Universidad Aut\u00f3 n\u00f3ma de Tamaulipas p\u00f3ne en marcha la c\u00f3nv\u00f3cat\u00f3ria \u201cFamilia UAT. Ad\u00f3pta un he r\u00f3e canin\u00f3\u201d, para dar en ad\u00f3pci\u00f3 n a perr\u00f3s que han sid\u00f3 retirad\u00f3s de c\u00f3rp\u00f3raci\u00f3nes de seguridad y auxili\u00f3, c\u00f3n la finalidad de que encuentren un h\u00f3gar y una familia que les brinde su cuidad\u00f3 y atenci\u00f3 n. La","protected":false},"author":1,"featured_media":2480,"comment_status":"open","ping_status":"open","sticky":false,"template":"","format":"standard","meta":{"_monsterinsights_skip_tracking":false,"_monsterinsights_sitenote_active":false,"_monsterinsights_sitenote_note":"","_monsterinsights_sitenote_category":0,"footnotes":""},"categories":[3],"tags":[],"class_list":["post-2479","post","type-post","status-publish","format-standard","has-post-thumbnail","hentry","category-noticias"],"aioseo_notices":[],"amp_enabled":true,"_links":{"self":[{"href":"https:\/\/tamaulipasmiregion.com\/index.php?rest_route=\/wp\/v2\/posts\/2479","targetHints":{"allow":["GET"]}}],"collection":[{"href":"https:\/\/tamaulipasmiregion.com\/index.php?rest_route=\/wp\/v2\/posts"}],"about":[{"href":"https:\/\/tamaulipasmiregion.com\/index.php?rest_route=\/wp\/v2\/types\/post"}],"author":[{"embeddable":true,"href":"https:\/\/tamaulipasmiregion.com\/index.php?rest_route=\/wp\/v2\/users\/1"}],"replies":[{"embeddable":true,"href":"https:\/\/tamaulipasmiregion.com\/index.php?rest_route=%2Fwp%2Fv2%2Fcomments&post=2479"}],"version-history":[{"count":2,"href":"https:\/\/tamaulipasmiregion.com\/index.php?rest_route=\/wp\/v2\/posts\/2479\/revisions"}],"predecessor-version":[{"id":2482,"href":"https:\/\/tamaulipasmiregion.com\/index.php?rest_route=\/wp\/v2\/posts\/2479\/revisions\/2482"}],"wp:featuredmedia":[{"embeddable":true,"href":"https:\/\/tamaulipasmiregion.com\/index.php?rest_route=\/wp\/v2\/media\/2480"}],"wp:attachment":[{"href":"https:\/\/tamaulipasmiregion.com\/index.php?rest_route=%2Fwp%2Fv2%2Fmedia&parent=2479"}],"wp:term":[{"taxonomy":"category","embeddable":true,"href":"https:\/\/tamaulipasmiregion.com\/index.php?rest_route=%2Fwp%2Fv2%2Fcategories&post=2479"},{"taxonomy":"post_tag","embeddable":true,"href":"https:\/\/tamaulipasmiregion.com\/index.php?rest_route=%2Fwp%2Fv2%2Ftags&post=2479"}],"curies":[{"name":"wp","href":"https:\/\/api.w.org\/{rel}","templated":true}]}}