{"id":2490,"date":"2024-08-14T14:32:34","date_gmt":"2024-08-14T14:32:34","guid":{"rendered":"https:\/\/tamaulipasmiregion.com\/?p=2490"},"modified":"2024-08-15T14:33:32","modified_gmt":"2024-08-15T14:33:32","slug":"suma-la-uat-esfuerzos-para-apoyar-con-utiles-escolares-a-estudiantes-del-sector-rural","status":"publish","type":"post","link":"https:\/\/tamaulipasmiregion.com\/?p=2490","title":{"rendered":"Suma la UAT esfuerzos para apoyar con \u00fatiles escolares a estudiantes del sector rural"},"content":{"rendered":"<p>En un acto de profundo compromiso social y solidario, la Universidad Aut\u00f3noma de<br \/>\nTamaulipas (UAT) llev\u00f3 a cabo la Jornada de Empaquetado de \u00datiles Escolares con Adultos<br \/>\nMayores, en la que se empacaron 285 kits de \u00fatiles destinados a estudiantes de \u00e1reas<br \/>\nrurales.<br \/>\nLa actividad fue presidida por el rector de la UAT, MVZ D\u00e1maso Anaya Alvarado, y su<br \/>\nesposa, Lic. Isolda Rend\u00f3n de Anaya, presidenta de Familia UAT, en una significativa jornada<br \/>\nque reuni\u00f3 la participaci\u00f3n de adultos mayores que son atendidos a trav\u00e9s del Centro<br \/>\nOperativo Multidisciplinario de Atenci\u00f3n y Servicio Social (COMASS).<br \/>\nEl rector D\u00e1maso Anaya ofreci\u00f3 un mensaje en el que resalt\u00f3 el compromiso de la<br \/>\ncomunidad universitaria. \u00abCuando nos unimos, hay metas que podemos alcanzar\u00bb, dijo, y<br \/>\nsubray\u00f3 que este esfuerzo conjunto tiene un objetivo profundamente humano: apoyar a los<br \/>\nestudiantes de \u00e1reas rurales que, con mucho sacrificio, se esfuerzan por alcanzar sus sue\u00f1os.<br \/>\n\u00abNuestro humanismo, nuestra empat\u00eda y nuestra solidaridad se ven reflejados en esta<br \/>\nactividad\u00bb, puntualiz\u00f3 el rector, al tiempo que llam\u00f3 a seguir adelante con la certeza de que<br \/>\ncada peque\u00f1o gesto cuenta y que, unidos como una gran familia, se puede hacer una<br \/>\ndiferencia en la vida de quienes m\u00e1s lo necesitan.<br \/>\nCon gran entusiasmo, los abuelitos del club del adulto mayor del COMASS-UAT<br \/>\nconvivieron en esta din\u00e1mica y compartieron con el rector D\u00e1maso Anaya y su esposa Isolda<br \/>\nRend\u00f3n esta jornada de empaquetado de \u00fatiles escolares recolectados, como cuadernos,<br \/>\nl\u00e1pices de grafito, l\u00e1pices de colores, plumas, marcatextos, tijeras, estuches de geometr\u00eda,<br \/>\npegamentos, borradores, sacapuntas, loncheras, mochilas y lapiceras.<br \/>\nEn el evento realizado en el Gimnasio Multidisciplinario del Campus Victoria, se cont\u00f3<br \/>\ncon la participaci\u00f3n de estudiantes, voluntarios e integrantes de Familia UAT, como parte de<br \/>\nla Colecta Universitaria \u201cUna mochila llena de oportunidades\u201d, que a\u00fan sigue recibiendo<br \/>\ndonativos de \u00fatiles y art\u00edculos escolares en diversos puntos de recolecci\u00f3n dentro de la<br \/>\nuniversidad y que concluir\u00e1 el pr\u00f3ximo 23 de agosto.<\/p>\n","protected":false},"excerpt":{"rendered":"En un acto de profundo compromiso social y solidario, la Universidad Aut\u00f3noma de Tamaulipas (UAT) llev\u00f3 a cabo la Jornada de Empaquetado de \u00datiles Escolares con Adultos Mayores, en la que se empacaron 285 kits de \u00fatiles destinados a estudiantes de \u00e1reas rurales. La actividad fue presidida por el rector de la UAT, MVZ D\u00e1maso","protected":false},"author":1,"featured_media":2491,"comment_status":"open","ping_status":"open","sticky":false,"template":"","format":"standard","meta":{"_monsterinsights_skip_tracking":false,"_monsterinsights_sitenote_active":false,"_monsterinsights_sitenote_note":"","_monsterinsights_sitenote_category":0,"footnotes":""},"categories":[3],"tags":[],"class_list":["post-2490","post","type-post","status-publish","format-standard","has-post-thumbnail","hentry","category-noticias"],"aioseo_notices":[],"amp_enabled":true,"_links":{"self":[{"href":"https:\/\/tamaulipasmiregion.com\/index.php?rest_route=\/wp\/v2\/posts\/2490","targetHints":{"allow":["GET"]}}],"collection":[{"href":"https:\/\/tamaulipasmiregion.com\/index.php?rest_route=\/wp\/v2\/posts"}],"about":[{"href":"https:\/\/tamaulipasmiregion.com\/index.php?rest_route=\/wp\/v2\/types\/post"}],"author":[{"embeddable":true,"href":"https:\/\/tamaulipasmiregion.com\/index.php?rest_route=\/wp\/v2\/users\/1"}],"replies":[{"embeddable":true,"href":"https:\/\/tamaulipasmiregion.com\/index.php?rest_route=%2Fwp%2Fv2%2Fcomments&post=2490"}],"version-history":[{"count":1,"href":"https:\/\/tamaulipasmiregion.com\/index.php?rest_route=\/wp\/v2\/posts\/2490\/revisions"}],"predecessor-version":[{"id":2492,"href":"https:\/\/tamaulipasmiregion.com\/index.php?rest_route=\/wp\/v2\/posts\/2490\/revisions\/2492"}],"wp:featuredmedia":[{"embeddable":true,"href":"https:\/\/tamaulipasmiregion.com\/index.php?rest_route=\/wp\/v2\/media\/2491"}],"wp:attachment":[{"href":"https:\/\/tamaulipasmiregion.com\/index.php?rest_route=%2Fwp%2Fv2%2Fmedia&parent=2490"}],"wp:term":[{"taxonomy":"category","embeddable":true,"href":"https:\/\/tamaulipasmiregion.com\/index.php?rest_route=%2Fwp%2Fv2%2Fcategories&post=2490"},{"taxonomy":"post_tag","embeddable":true,"href":"https:\/\/tamaulipasmiregion.com\/index.php?rest_route=%2Fwp%2Fv2%2Ftags&post=2490"}],"curies":[{"name":"wp","href":"https:\/\/api.w.org\/{rel}","templated":true}]}}