{"id":2497,"date":"2024-08-16T13:59:05","date_gmt":"2024-08-16T13:59:05","guid":{"rendered":"https:\/\/tamaulipasmiregion.com\/?p=2497"},"modified":"2024-08-17T13:59:56","modified_gmt":"2024-08-17T13:59:56","slug":"concluye-la-uat-con-exito-campamento-infantil-amor-por-la-ciencia-2024","status":"publish","type":"post","link":"https:\/\/tamaulipasmiregion.com\/?p=2497","title":{"rendered":"Concluye la UAT con \u00e9xito campamento infantil \u00abAmor por la Ciencia\u00bb 2024"},"content":{"rendered":"<p>La Universidad Aut\u00f3 n\u00f3ma de Tamaulipas (UAT) cerr\u00f3 exit\u00f3samente la tercera edici\u00f3 n<br \/>\ndel Campament\u00f3 de Veran\u00f3 Infantil \u00abAm\u00f3r p\u00f3r la Ciencia\u00bb 2024, un event\u00f3 que reuni\u00f3<br \/>\nen Ciudad Vict\u00f3ria la participaci\u00f3 n de alreded\u00f3r de 300 nin \u00f3s y nin as en una semana<br \/>\ndedicada a la ciencia y el aprendizaje lu dic\u00f3.<br \/>\nDel 12 al 16 de ag\u00f3st\u00f3, las actividades del campament\u00f3 permitier\u00f3n a l\u00f3s<br \/>\npequen \u00f3s expl\u00f3rar el apasi\u00f3nante mund\u00f3 de la ciencia a trave s de talleres c\u00f3n un<br \/>\nenf\u00f3que lu dic\u00f3 y educativ\u00f3, l\u00f3s cuales fuer\u00f3n impartid\u00f3s p\u00f3r 180 investigad\u00f3res del<br \/>\nCentr\u00f3 Universitari\u00f3 Vict\u00f3ria.<br \/>\nEl \u00f3bjetiv\u00f3 principal del campament\u00f3 fue despertar v\u00f3caci\u00f3nes cient\u00ed ficas desde<br \/>\nuna edad temprana, \u00f3freciend\u00f3 a la nin ez de entre 6 y 12 an \u00f3s una experiencia<br \/>\nin\u00f3lvidable a trave s de 80 talleres interactiv\u00f3s que abarcar\u00f3n a reas c\u00f3m\u00f3 ciencias<br \/>\nnaturales, f\u00ed sica, matema ticas y qu\u00ed mica.<br \/>\nEstas actividades fuer\u00f3n disen adas para hacer la ciencia accesible y entretenida<br \/>\npr\u00f3m\u00f3viend\u00f3 un aprendizaje dina mic\u00f3 y divertid\u00f3. Adema s, ma s de 50 estudiantes<br \/>\nv\u00f3luntari\u00f3s de la UAT c\u00f3lab\u00f3rar\u00f3n c\u00f3n l\u00f3s investigad\u00f3res en la l\u00f3g\u00ed stica, garantizand\u00f3<br \/>\nel buen desarr\u00f3ll\u00f3 de t\u00f3das las actividades.<br \/>\nEl campament\u00f3 tambie n subray\u00f3 la imp\u00f3rtancia de iniciar una f\u00f3rmaci\u00f3 n<br \/>\nhumanista desde temprana edad. L\u00f3s pequen ines participar\u00f3n en las diversas<br \/>\nactividades que n\u00f3 s\u00f3l\u00f3 pr\u00f3m\u00f3vier\u00f3n el desarr\u00f3ll\u00f3 de habilidades c\u00f3gnitivas, sin\u00f3 que<br \/>\ntambie n f\u00f3mentar\u00f3n la curi\u00f3sidad intelectual.<br \/>\nEst\u00f3s talleres fuer\u00f3n impartid\u00f3s en diversas facultades y unidades acade micas de<br \/>\nla UAT en el Campus Vict\u00f3ria, pr\u00f3piciand\u00f3 una experiencia educativa integral y diversa.<br \/>\nLa clausura del campament\u00f3 fue celebrada en el Gimnasi\u00f3 Multidisciplinari\u00f3<br \/>\nVict\u00f3ria de la UAT, c\u00f3n la presentaci\u00f3 n especial del taller S\u00f3nid\u00f3s y Tamb\u00f3res, impartid\u00f3<br \/>\np\u00f3r el Dr. Evarist\u00f3 Aguilar L\u00f3 pez y el Mtr\u00f3. Juan J\u00f3se Rivas Zavala, investigad\u00f3res de la<br \/>\nFacultad de Mu sica y Artes de la UAT, d\u00f3nde nin as y nin \u00f3s aprendier\u00f3n s\u00f3bre l\u00f3s<br \/>\ndiferentes instrument\u00f3s musicales y l\u00f3s s\u00f3nid\u00f3s que emiten, enriqueciend\u00f3 su<br \/>\nc\u00f3mprensi\u00f3 n tant\u00f3 del arte c\u00f3m\u00f3 de la ciencia.<\/p>\n","protected":false},"excerpt":{"rendered":"La Universidad Aut\u00f3 n\u00f3ma de Tamaulipas (UAT) cerr\u00f3 exit\u00f3samente la tercera edici\u00f3 n del Campament\u00f3 de Veran\u00f3 Infantil \u00abAm\u00f3r p\u00f3r la Ciencia\u00bb 2024, un event\u00f3 que reuni\u00f3 en Ciudad Vict\u00f3ria la participaci\u00f3 n de alreded\u00f3r de 300 nin \u00f3s y nin as en una semana dedicada a la ciencia y el aprendizaje lu dic\u00f3. Del","protected":false},"author":1,"featured_media":0,"comment_status":"open","ping_status":"open","sticky":false,"template":"","format":"standard","meta":{"_monsterinsights_skip_tracking":false,"_monsterinsights_sitenote_active":false,"_monsterinsights_sitenote_note":"","_monsterinsights_sitenote_category":0,"footnotes":""},"categories":[3],"tags":[],"class_list":["post-2497","post","type-post","status-publish","format-standard","hentry","category-noticias"],"aioseo_notices":[],"amp_enabled":true,"_links":{"self":[{"href":"https:\/\/tamaulipasmiregion.com\/index.php?rest_route=\/wp\/v2\/posts\/2497","targetHints":{"allow":["GET"]}}],"collection":[{"href":"https:\/\/tamaulipasmiregion.com\/index.php?rest_route=\/wp\/v2\/posts"}],"about":[{"href":"https:\/\/tamaulipasmiregion.com\/index.php?rest_route=\/wp\/v2\/types\/post"}],"author":[{"embeddable":true,"href":"https:\/\/tamaulipasmiregion.com\/index.php?rest_route=\/wp\/v2\/users\/1"}],"replies":[{"embeddable":true,"href":"https:\/\/tamaulipasmiregion.com\/index.php?rest_route=%2Fwp%2Fv2%2Fcomments&post=2497"}],"version-history":[{"count":1,"href":"https:\/\/tamaulipasmiregion.com\/index.php?rest_route=\/wp\/v2\/posts\/2497\/revisions"}],"predecessor-version":[{"id":2498,"href":"https:\/\/tamaulipasmiregion.com\/index.php?rest_route=\/wp\/v2\/posts\/2497\/revisions\/2498"}],"wp:attachment":[{"href":"https:\/\/tamaulipasmiregion.com\/index.php?rest_route=%2Fwp%2Fv2%2Fmedia&parent=2497"}],"wp:term":[{"taxonomy":"category","embeddable":true,"href":"https:\/\/tamaulipasmiregion.com\/index.php?rest_route=%2Fwp%2Fv2%2Fcategories&post=2497"},{"taxonomy":"post_tag","embeddable":true,"href":"https:\/\/tamaulipasmiregion.com\/index.php?rest_route=%2Fwp%2Fv2%2Ftags&post=2497"}],"curies":[{"name":"wp","href":"https:\/\/api.w.org\/{rel}","templated":true}]}}