{"id":2508,"date":"2024-08-18T23:11:16","date_gmt":"2024-08-18T23:11:16","guid":{"rendered":"https:\/\/tamaulipasmiregion.com\/?p=2508"},"modified":"2024-08-21T23:16:49","modified_gmt":"2024-08-21T23:16:49","slug":"rector-de-la-uat-damaso-anaya-da-bienvenida-a-estudiantes","status":"publish","type":"post","link":"https:\/\/tamaulipasmiregion.com\/?p=2508","title":{"rendered":"Rector de la UAT D\u00e1maso Anaya da bienvenida a estudiantes"},"content":{"rendered":"<p>la Universidad Aut\u00f3noma de Tamaulipas (UAT) reanuda sus<br \/>\nactividades escolares en todas sus facultades, unidades acad\u00e9micas y escuelas preparatorias<br \/>\nen sus ocho sedes universitarias distribuidas en todo el estado.<br \/>\nCon ese motivo, el rector de la UAT, MVZ D\u00e1maso Anaya Alvarado, da la bienvenida a la<br \/>\ncomunidad estudiantil que se reincorpora a sus clases, as\u00ed como a estudiantes de nuevo<br \/>\ningreso.<br \/>\nA quienes por primera vez inician su formaci\u00f3n en la casa de estudios, el rector les<br \/>\ndesea el mejor de los \u00e9xitos, subrayando que ingresan a la mejor instituci\u00f3n de educaci\u00f3n<br \/>\nsuperior de nuestra entidad, en la que ser\u00e1n parte de una juventud activa y comprometida<br \/>\nque participa d\u00eda a d\u00eda en la transformaci\u00f3n de Tamaulipas y de M\u00e9xico.<br \/>\nD\u00e1maso Anaya ha hecho hincapi\u00e9 en la responsabilidad que tienen los estudiantes<br \/>\ncomo agentes de cambio en la sociedad, y que la apertura del ciclo escolar representa<br \/>\ntambi\u00e9n una oportunidad \u00fanica para su desarrollo acad\u00e9mico, cultural, recreativo, social y<br \/>\ndeportivo.<br \/>\nEl rector ha resaltado tambi\u00e9n el compromiso de la UAT de ofrecer a la sociedad una<br \/>\neducaci\u00f3n humanista reconocida por su alta calidad acad\u00e9mica.<br \/>\nAlrededor de cuarenta mil estudiantes inician sus actividades en programas de<br \/>\nlicenciatura, posgrado y bachillerato, as\u00ed como m\u00e1s de dos mil setecientos docentes<br \/>\ndistribuidos en las veintis\u00e9is dependencias acad\u00e9micas de la UAT.<br \/>\nEste s\u00f3lido despliegue refuerza la posici\u00f3n de la UAT como la universidad p\u00fablica m\u00e1s<br \/>\ngrande y prestigiosa de Tamaulipas.<br \/>\nEste ciclo escolar marca el inicio tambi\u00e9n del Plan de Desarrollo Institucional (PDI)<br \/>\n2024-2028, denominado \u201cLa UAT se Transforma\u201d, el cual busca alinear esfuerzos con los<br \/>\nobjetivos estatales, nacionales e internacionales para construir comunidades sustentables;<br \/>\nel plan est\u00e1 enfocado en promover un progreso equilibrado y justo mediante la formaci\u00f3n<br \/>\nde capital humano especializado con una perspectiva humanista.<br \/>\nEl ciclo escolar oto\u00f1o 2024, programado para iniciar el 19 de agosto y concluir el 6 de<br \/>\ndiciembre de 2024, incluir\u00e1 una variedad de actividades acad\u00e9micas y extracurriculares que<br \/>\nofrecer\u00e1n a los estudiantes la oportunidad de participar en una amplia gama de experiencias<br \/>\neducativas.<\/p>\n","protected":false},"excerpt":{"rendered":"la Universidad Aut\u00f3noma de Tamaulipas (UAT) reanuda sus actividades escolares en todas sus facultades, unidades acad\u00e9micas y escuelas preparatorias en sus ocho sedes universitarias distribuidas en todo el estado. Con ese motivo, el rector de la UAT, MVZ D\u00e1maso Anaya Alvarado, da la bienvenida a la comunidad estudiantil que se reincorpora a sus clases, as\u00ed","protected":false},"author":1,"featured_media":2509,"comment_status":"open","ping_status":"open","sticky":false,"template":"","format":"standard","meta":{"_monsterinsights_skip_tracking":false,"_monsterinsights_sitenote_active":false,"_monsterinsights_sitenote_note":"","_monsterinsights_sitenote_category":0,"footnotes":""},"categories":[3],"tags":[],"class_list":["post-2508","post","type-post","status-publish","format-standard","has-post-thumbnail","hentry","category-noticias"],"aioseo_notices":[],"amp_enabled":true,"_links":{"self":[{"href":"https:\/\/tamaulipasmiregion.com\/index.php?rest_route=\/wp\/v2\/posts\/2508","targetHints":{"allow":["GET"]}}],"collection":[{"href":"https:\/\/tamaulipasmiregion.com\/index.php?rest_route=\/wp\/v2\/posts"}],"about":[{"href":"https:\/\/tamaulipasmiregion.com\/index.php?rest_route=\/wp\/v2\/types\/post"}],"author":[{"embeddable":true,"href":"https:\/\/tamaulipasmiregion.com\/index.php?rest_route=\/wp\/v2\/users\/1"}],"replies":[{"embeddable":true,"href":"https:\/\/tamaulipasmiregion.com\/index.php?rest_route=%2Fwp%2Fv2%2Fcomments&post=2508"}],"version-history":[{"count":1,"href":"https:\/\/tamaulipasmiregion.com\/index.php?rest_route=\/wp\/v2\/posts\/2508\/revisions"}],"predecessor-version":[{"id":2510,"href":"https:\/\/tamaulipasmiregion.com\/index.php?rest_route=\/wp\/v2\/posts\/2508\/revisions\/2510"}],"wp:featuredmedia":[{"embeddable":true,"href":"https:\/\/tamaulipasmiregion.com\/index.php?rest_route=\/wp\/v2\/media\/2509"}],"wp:attachment":[{"href":"https:\/\/tamaulipasmiregion.com\/index.php?rest_route=%2Fwp%2Fv2%2Fmedia&parent=2508"}],"wp:term":[{"taxonomy":"category","embeddable":true,"href":"https:\/\/tamaulipasmiregion.com\/index.php?rest_route=%2Fwp%2Fv2%2Fcategories&post=2508"},{"taxonomy":"post_tag","embeddable":true,"href":"https:\/\/tamaulipasmiregion.com\/index.php?rest_route=%2Fwp%2Fv2%2Ftags&post=2508"}],"curies":[{"name":"wp","href":"https:\/\/api.w.org\/{rel}","templated":true}]}}