{"id":2511,"date":"2024-08-17T23:17:56","date_gmt":"2024-08-17T23:17:56","guid":{"rendered":"https:\/\/tamaulipasmiregion.com\/?p=2511"},"modified":"2024-08-21T23:19:07","modified_gmt":"2024-08-21T23:19:07","slug":"estudiantes-de-la-uat-refuerzan-campana-para-elaborar-pelucas-oncologicas","status":"publish","type":"post","link":"https:\/\/tamaulipasmiregion.com\/?p=2511","title":{"rendered":"Estudiantes de la UAT refuerzan campa\u00f1a para elaborar pelucas oncol\u00f3gicas"},"content":{"rendered":"<p>\u2022 Con esp\u00edritu altruista y solidario del alumnado, la campa\u00f1a \u201cPara una princesa\u201d<br \/>\nes realizada por la Escuela Preparatoria N\u00fam. 3 de la UAT para recolectar la<br \/>\ndonaci\u00f3n de cabello que se transformar\u00e1 en pelucas para ni\u00f1as y mujeres con<br \/>\nc\u00e1ncer.<br \/>\nLa Universidad Aut\u00f3noma de Tamaulipas (UAT) impulsa la campa\u00f1a altruista \u201cPara una<br \/>\nprincesa\u201d, cuya finalidad es recolectar trenzas de cabello para elaborar pelucas oncol\u00f3gicas<br \/>\ndestinadas a ni\u00f1as y mujeres con c\u00e1ncer en Ciudad Victoria.<br \/>\nLa campa\u00f1a es realizada por estudiantes y docentes de la Escuela Preparatoria N\u00fam. 3 de<br \/>\nla UAT, quienes se vinculan con el Centro Oncol\u00f3gico de Tamaulipas para entregar las trenzas<br \/>\nde cabello y se proceda a la elaboraci\u00f3n de las pelucas.<br \/>\nEl impulso a estas acciones de sensibilidad social forma parte del proyecto de<br \/>\nuniversidad que promueve el rector D\u00e1maso Anaya Alvarado, que pretende, entre otras<br \/>\nmetas, inculcar a los alumnos los valores humanos importantes para su desarrollo.<br \/>\n\u201cPara una princesa\u201d es una colecta permanente que sigue fortaleci\u00e9ndose y sumando<br \/>\nlos esfuerzos de universitarios y la sociedad en general para incrementar el apoyo de<br \/>\ndonantes de cabello.<br \/>\nEn este sentido, estudiantes de la Preparatoria N\u00fam. 3 opinaron respecto a la<br \/>\nimportancia de reforzar los trabajos de esta campa\u00f1a de vinculaci\u00f3n social.<br \/>\nXimena Anik Silva Z\u00fa\u00f1iga destac\u00f3 que la donaci\u00f3n de cabello es muy importante porque de<br \/>\nah\u00ed se obtienen pelucas oncol\u00f3gicas elaboradas de manera artesanal.<br \/>\n\u201cSe trata de una labor altruista y voluntaria; no existe remuneraci\u00f3n de ning\u00fan tipo.<br \/>\nLas personas que donan su cabello lo hacen con el prop\u00f3sito de ayudar a sus semejantes\u201d,<br \/>\nindic\u00f3.<br \/>\nDijo que en esta labor se distingue la activa participaci\u00f3n de los alumnos, quienes<br \/>\nadem\u00e1s de organizar los eventos de recolecci\u00f3n realizan visitas al Centro Oncol\u00f3gico de<br \/>\nTamaulipas.<br \/>\nSe\u00f1al\u00f3 que hay un gran apoyo de alumnos y maestros, y el equipo que trabaja en esta<br \/>\ncampa\u00f1a cada vez es m\u00e1s grande. Lo cual, a\u00f1adi\u00f3, es muy positivo.<br \/>\n\u201cSe siente un orgullo hacer algo por los dem\u00e1s. Lo hacemos de todo coraz\u00f3n y para que<br \/>\nm\u00e1s personas vean esto y quieran contribuir\u201d, a\u00f1adi\u00f3.<br \/>\nPor su parte, Jair S\u00e1nchez Flores afirm\u00f3 que la campa\u00f1a es una actividad muy valiosa<br \/>\nporque los ense\u00f1a a ayudar a los dem\u00e1s y se fomentan los valores humanos.<br \/>\nFinalmente, Adriana de la Pe\u00f1a Cu\u00e9llar hizo \u00e9nfasis en que estas actividades les dejan<br \/>\nun aprendizaje muy valioso, pues, aunadas a la educaci\u00f3n que reciben en las aulas, les<br \/>\nense\u00f1an a ser sensibles ante lo que pasa en su comunidad:<br \/>\n\u201cLas actividades nos dejan muchas ense\u00f1anzas. Es bonito hacer algo por los dem\u00e1s, ver<br \/>\nc\u00f3mo haces felices a otras personas te llena de felicidad a ti tambi\u00e9n\u201d, concluy\u00f3.<\/p>\n","protected":false},"excerpt":{"rendered":"\u2022 Con esp\u00edritu altruista y solidario del alumnado, la campa\u00f1a \u201cPara una princesa\u201d es realizada por la Escuela Preparatoria N\u00fam. 3 de la UAT para recolectar la donaci\u00f3n de cabello que se transformar\u00e1 en pelucas para ni\u00f1as y mujeres con c\u00e1ncer. La Universidad Aut\u00f3noma de Tamaulipas (UAT) impulsa la campa\u00f1a altruista \u201cPara una princesa\u201d, cuya","protected":false},"author":1,"featured_media":2512,"comment_status":"open","ping_status":"open","sticky":false,"template":"","format":"standard","meta":{"_monsterinsights_skip_tracking":false,"_monsterinsights_sitenote_active":false,"_monsterinsights_sitenote_note":"","_monsterinsights_sitenote_category":0,"footnotes":""},"categories":[3],"tags":[],"class_list":["post-2511","post","type-post","status-publish","format-standard","has-post-thumbnail","hentry","category-noticias"],"aioseo_notices":[],"amp_enabled":true,"_links":{"self":[{"href":"https:\/\/tamaulipasmiregion.com\/index.php?rest_route=\/wp\/v2\/posts\/2511","targetHints":{"allow":["GET"]}}],"collection":[{"href":"https:\/\/tamaulipasmiregion.com\/index.php?rest_route=\/wp\/v2\/posts"}],"about":[{"href":"https:\/\/tamaulipasmiregion.com\/index.php?rest_route=\/wp\/v2\/types\/post"}],"author":[{"embeddable":true,"href":"https:\/\/tamaulipasmiregion.com\/index.php?rest_route=\/wp\/v2\/users\/1"}],"replies":[{"embeddable":true,"href":"https:\/\/tamaulipasmiregion.com\/index.php?rest_route=%2Fwp%2Fv2%2Fcomments&post=2511"}],"version-history":[{"count":1,"href":"https:\/\/tamaulipasmiregion.com\/index.php?rest_route=\/wp\/v2\/posts\/2511\/revisions"}],"predecessor-version":[{"id":2513,"href":"https:\/\/tamaulipasmiregion.com\/index.php?rest_route=\/wp\/v2\/posts\/2511\/revisions\/2513"}],"wp:featuredmedia":[{"embeddable":true,"href":"https:\/\/tamaulipasmiregion.com\/index.php?rest_route=\/wp\/v2\/media\/2512"}],"wp:attachment":[{"href":"https:\/\/tamaulipasmiregion.com\/index.php?rest_route=%2Fwp%2Fv2%2Fmedia&parent=2511"}],"wp:term":[{"taxonomy":"category","embeddable":true,"href":"https:\/\/tamaulipasmiregion.com\/index.php?rest_route=%2Fwp%2Fv2%2Fcategories&post=2511"},{"taxonomy":"post_tag","embeddable":true,"href":"https:\/\/tamaulipasmiregion.com\/index.php?rest_route=%2Fwp%2Fv2%2Ftags&post=2511"}],"curies":[{"name":"wp","href":"https:\/\/api.w.org\/{rel}","templated":true}]}}