{"id":2514,"date":"2024-08-19T23:26:54","date_gmt":"2024-08-19T23:26:54","guid":{"rendered":"https:\/\/tamaulipasmiregion.com\/?p=2514"},"modified":"2024-08-21T23:29:09","modified_gmt":"2024-08-21T23:29:09","slug":"la-uat-es-la-universidad-del-pueblo-de-tamaulipas-gobernador","status":"publish","type":"post","link":"https:\/\/tamaulipasmiregion.com\/?p=2514","title":{"rendered":"La UAT es la universidad del pueblo de Tamaulipas: gobernador"},"content":{"rendered":"<p>\u2022 El Dr. Am\u00e9rico Villarreal presidi\u00f3 con el rector D\u00e1maso Anaya la ceremonia de<br \/>\ninicio de actividades acad\u00e9micas de la UAT, se\u00f1alando que la casa de estudios est\u00e1<br \/>\nrevitalizando su esp\u00edritu, recuperando sus valores fundamentales y su misi\u00f3n<br \/>\nsocial.<br \/>\nAl presidir la ceremonia c\u00ed vica de inicio de actividades acade micas de la Universidad<br \/>\nAuto noma de Tamaulipas (UAT), el gobernador Ame rico Villarreal Anaya dio la<br \/>\nbienvenida a la comunidad universitaria y expreso que es satisfactorio confirmar que la<br \/>\ncasa de estudios avanza a buen paso, con logros y ma s expectativas.<br \/>\nEn este marco, el mandatario estatal refrendo todo su respaldo a la UAT y el compromiso<br \/>\nde seguir apoyando la transformacio n institucional impulsada por el rector Da maso<br \/>\nAnaya Alvarado.<br \/>\nEl Dr. Ame rico Villareal destaco que es un orgullo contar con una institucio n de<br \/>\ncalidad como la UAT, que ha expandido su oferta a la formacio n de profesionales con<br \/>\nvocaciones productivas, respondiendo a las necesidades de nuestro tiempo.<br \/>\nSubrayo tambie n la trascendencia de las obras que se esta n impulsando con una<br \/>\ninversio n de ma s de 400 millones de pesos en lo que va de este 2024, para mejorar<br \/>\nlaboratorios, aulas, y espacios deportivos y culturales.<br \/>\n\u201cLa casa de estudios avanza a buen paso; se dignifican espacios, se mejora la<br \/>\ninfraestructura de todo tipo y se invierte lo que antes se perd\u00ed a en el camino de la<br \/>\nopacidad\u201d, aseguro el gobernador.<br \/>\n\u201cPero a todo esto sumemos la renovacio n del compromiso social de la Universidad;<br \/>\nsu esfuerzo por dotar al estado de una investigacio n aplicada, dirigida a solucionar<br \/>\nproblemas y lograr mayores oportunidades de desarrollo. Su esfuerzo \u2014an adio \u2014 esta<br \/>\ndirigido a ser la universidad del pueblo de Tamaulipas y a formar a todas y todos en el<br \/>\nhumanismo\u201d, puntualizo .<br \/>\nFelicito al MVZ Da maso Anaya por estar dentro de los rectores mejor calificados del<br \/>\npa\u00ed s, as\u00ed como a la comunidad universitaria por el trabajo en equipo, sen alando que la<br \/>\nUAT esta revitalizando su esp\u00ed ritu, recuperando sus valores fundamentales y su<br \/>\nimprescindible misio n social.<br \/>\nPor su parte, el rector Da maso Anaya agradecio la presencia del mandatario y<br \/>\nresalto que, en este an o de profundas transformaciones en el sector educativo, la UAT<br \/>\nse posiciona a la vanguardia con iniciativas que promueven la innovacio n y la<br \/>\ntransformacio n del entorno.<br \/>\n\u201cSen or gobernador, en la UAT estamos comprometidos a seguir contribuyendo al<br \/>\nprogreso de Tamaulipas, alinea ndonos con sus proyectos y pol\u00ed ticas educativas y, por<br \/>\nsupuesto, con las pol\u00ed ticas que en materia de educacio n establezca el gobierno federal<br \/>\nque pro ximamente encabezara la Dra. Claudia Sheinbaum Pardo\u201d, asento .<br \/>\n\u201cTenemos claro y definido el rumbo hacia do nde vamos, el nuevo rostro de la UAT<br \/>\nesta en marcha. No tendremos pausas ni limitaciones para que todos estemos<br \/>\norgullosos de pertenecer a la ma s grande y mejor universidad de Tamaulipas\u201d, concluyo .<br \/>\nAl evento que se realizo en el Gimnasio Multidisciplinario del Centro<br \/>\nUniversitario Victoria asistieron secretarios del Gobierno de Tamaulipas,<br \/>\nrepresentantes del Poder Legislativo y Judicial, as\u00ed como funcionarios, docentes y<br \/>\nestudiantes de la UAT.<\/p>\n","protected":false},"excerpt":{"rendered":"\u2022 El Dr. Am\u00e9rico Villarreal presidi\u00f3 con el rector D\u00e1maso Anaya la ceremonia de inicio de actividades acad\u00e9micas de la UAT, se\u00f1alando que la casa de estudios est\u00e1 revitalizando su esp\u00edritu, recuperando sus valores fundamentales y su misi\u00f3n social. Al presidir la ceremonia c\u00ed vica de inicio de actividades acade micas de la Universidad Auto","protected":false},"author":1,"featured_media":2515,"comment_status":"open","ping_status":"open","sticky":false,"template":"","format":"standard","meta":{"_monsterinsights_skip_tracking":false,"_monsterinsights_sitenote_active":false,"_monsterinsights_sitenote_note":"","_monsterinsights_sitenote_category":0,"footnotes":""},"categories":[3],"tags":[],"class_list":["post-2514","post","type-post","status-publish","format-standard","has-post-thumbnail","hentry","category-noticias"],"aioseo_notices":[],"amp_enabled":true,"_links":{"self":[{"href":"https:\/\/tamaulipasmiregion.com\/index.php?rest_route=\/wp\/v2\/posts\/2514","targetHints":{"allow":["GET"]}}],"collection":[{"href":"https:\/\/tamaulipasmiregion.com\/index.php?rest_route=\/wp\/v2\/posts"}],"about":[{"href":"https:\/\/tamaulipasmiregion.com\/index.php?rest_route=\/wp\/v2\/types\/post"}],"author":[{"embeddable":true,"href":"https:\/\/tamaulipasmiregion.com\/index.php?rest_route=\/wp\/v2\/users\/1"}],"replies":[{"embeddable":true,"href":"https:\/\/tamaulipasmiregion.com\/index.php?rest_route=%2Fwp%2Fv2%2Fcomments&post=2514"}],"version-history":[{"count":1,"href":"https:\/\/tamaulipasmiregion.com\/index.php?rest_route=\/wp\/v2\/posts\/2514\/revisions"}],"predecessor-version":[{"id":2516,"href":"https:\/\/tamaulipasmiregion.com\/index.php?rest_route=\/wp\/v2\/posts\/2514\/revisions\/2516"}],"wp:featuredmedia":[{"embeddable":true,"href":"https:\/\/tamaulipasmiregion.com\/index.php?rest_route=\/wp\/v2\/media\/2515"}],"wp:attachment":[{"href":"https:\/\/tamaulipasmiregion.com\/index.php?rest_route=%2Fwp%2Fv2%2Fmedia&parent=2514"}],"wp:term":[{"taxonomy":"category","embeddable":true,"href":"https:\/\/tamaulipasmiregion.com\/index.php?rest_route=%2Fwp%2Fv2%2Fcategories&post=2514"},{"taxonomy":"post_tag","embeddable":true,"href":"https:\/\/tamaulipasmiregion.com\/index.php?rest_route=%2Fwp%2Fv2%2Ftags&post=2514"}],"curies":[{"name":"wp","href":"https:\/\/api.w.org\/{rel}","templated":true}]}}