{"id":2552,"date":"2024-08-29T21:40:45","date_gmt":"2024-08-29T21:40:45","guid":{"rendered":"https:\/\/tamaulipasmiregion.com\/?p=2552"},"modified":"2024-09-03T21:43:21","modified_gmt":"2024-09-03T21:43:21","slug":"damaso-anaya-presenta-informe-financiero-y-academico-al-patronato-de-la-uat","status":"publish","type":"post","link":"https:\/\/tamaulipasmiregion.com\/?p=2552","title":{"rendered":"D\u00e1maso Anaya presenta informe financiero y acad\u00e9mico al Patronato de la UAT"},"content":{"rendered":"<p>El Honorable Patronato Universitario aprob\u00f3 los estados financieros y las modificaciones al<br \/>\npresupuesto de ingresos y egresos al 30 de junio de 2024 de la Universidad Aut\u00f3noma de<br \/>\nTamaulipas (UAT), que present\u00f3 el rector, MVZ D\u00e1maso Anaya Alvarado, ante ese \u00f3rgano<br \/>\ncolegiado.<br \/>\nLa cent\u00e9sima d\u00e9cima octava reuni\u00f3n ordinaria del Patronato de la UAT se desarroll\u00f3<br \/>\neste jueves en el Centro de Gesti\u00f3n del Conocimiento del Campus Victoria, presidida por el<br \/>\nDr. Francisco Javier Rivera Cortez, representante por Ciudad Mante.<br \/>\nAdem\u00e1s del informe financiero, el rector D\u00e1maso Anaya Alvarado expuso los avances de<br \/>\nla Universidad en los diferentes rubros que se han impulsado desde el inicio de su<br \/>\nadministraci\u00f3n, tales como las obras que se realizan en las escuelas, unidades acad\u00e9micas y<br \/>\nfacultades de la Universidad.<br \/>\nResalt\u00f3, que, por primera vez, la UAT ofrecer\u00e1 educaci\u00f3n media superior a los j\u00f3venes<br \/>\nde Nuevo Laredo, gracias a la estrecha vinculaci\u00f3n y colaboraci\u00f3n con el Ayuntamiento de<br \/>\nese municipio.<br \/>\nDetall\u00f3 que se han establecido l\u00edneas de trabajo para fortalecer la vinculaci\u00f3n con<br \/>\nempresas e instituciones nacionales y extrajeras, a fin de enriquecer la educaci\u00f3n que<br \/>\nreciben los estudiantes de las diferentes carreras que ofrece la UAT.<br \/>\nPuntualiz\u00f3 que estrechar la colaboraci\u00f3n con el Patronato Universitario es importante para<br \/>\npotenciar la visi\u00f3n de trabajo que permita lograr las metas que se plantean a corto y<br \/>\nmediano plazo.<br \/>\nEn ese sentido, D\u00e1maso Anaya reconoci\u00f3 la labor de este \u00f3rgano colegiado que integran<br \/>\nrepresentantes de la sociedad, y que, dentro de sus funciones, da seguimiento a los<br \/>\nproyectos de la UAT, adem\u00e1s del cumplimiento de metas y la transparencia del manejo<br \/>\npresupuestal.<br \/>\nDe manera presencial participaron el C. P. Miguel V\u00edctor Salm\u00e1n \u00c1lvarez, representante<br \/>\npor Ciudad Victoria; y el Mtro. Salvador Salazar Herrera, por Tampico. En videoconferencia,<br \/>\nsiguieron la sesi\u00f3n el Ing. Arturo Garza Uribe, por Matamoros; y el C. P. Glafiro Montemayor<br \/>\nQuintanilla, representante del \u00f3rgano colegiado en Nuevo Laredo.<\/p>\n","protected":false},"excerpt":{"rendered":"El Honorable Patronato Universitario aprob\u00f3 los estados financieros y las modificaciones al presupuesto de ingresos y egresos al 30 de junio de 2024 de la Universidad Aut\u00f3noma de Tamaulipas (UAT), que present\u00f3 el rector, MVZ D\u00e1maso Anaya Alvarado, ante ese \u00f3rgano colegiado. La cent\u00e9sima d\u00e9cima octava reuni\u00f3n ordinaria del Patronato de la UAT se desarroll\u00f3","protected":false},"author":1,"featured_media":2553,"comment_status":"open","ping_status":"open","sticky":false,"template":"","format":"standard","meta":{"_monsterinsights_skip_tracking":false,"_monsterinsights_sitenote_active":false,"_monsterinsights_sitenote_note":"","_monsterinsights_sitenote_category":0,"footnotes":""},"categories":[3],"tags":[],"class_list":["post-2552","post","type-post","status-publish","format-standard","has-post-thumbnail","hentry","category-noticias"],"aioseo_notices":[],"amp_enabled":true,"_links":{"self":[{"href":"https:\/\/tamaulipasmiregion.com\/index.php?rest_route=\/wp\/v2\/posts\/2552","targetHints":{"allow":["GET"]}}],"collection":[{"href":"https:\/\/tamaulipasmiregion.com\/index.php?rest_route=\/wp\/v2\/posts"}],"about":[{"href":"https:\/\/tamaulipasmiregion.com\/index.php?rest_route=\/wp\/v2\/types\/post"}],"author":[{"embeddable":true,"href":"https:\/\/tamaulipasmiregion.com\/index.php?rest_route=\/wp\/v2\/users\/1"}],"replies":[{"embeddable":true,"href":"https:\/\/tamaulipasmiregion.com\/index.php?rest_route=%2Fwp%2Fv2%2Fcomments&post=2552"}],"version-history":[{"count":1,"href":"https:\/\/tamaulipasmiregion.com\/index.php?rest_route=\/wp\/v2\/posts\/2552\/revisions"}],"predecessor-version":[{"id":2554,"href":"https:\/\/tamaulipasmiregion.com\/index.php?rest_route=\/wp\/v2\/posts\/2552\/revisions\/2554"}],"wp:featuredmedia":[{"embeddable":true,"href":"https:\/\/tamaulipasmiregion.com\/index.php?rest_route=\/wp\/v2\/media\/2553"}],"wp:attachment":[{"href":"https:\/\/tamaulipasmiregion.com\/index.php?rest_route=%2Fwp%2Fv2%2Fmedia&parent=2552"}],"wp:term":[{"taxonomy":"category","embeddable":true,"href":"https:\/\/tamaulipasmiregion.com\/index.php?rest_route=%2Fwp%2Fv2%2Fcategories&post=2552"},{"taxonomy":"post_tag","embeddable":true,"href":"https:\/\/tamaulipasmiregion.com\/index.php?rest_route=%2Fwp%2Fv2%2Ftags&post=2552"}],"curies":[{"name":"wp","href":"https:\/\/api.w.org\/{rel}","templated":true}]}}