{"id":2574,"date":"2024-09-04T04:25:43","date_gmt":"2024-09-04T04:25:43","guid":{"rendered":"https:\/\/tamaulipasmiregion.com\/?p=2574"},"modified":"2024-09-09T04:26:42","modified_gmt":"2024-09-09T04:26:42","slug":"reconocen-el-compromiso-del-rector-damaso-anaya-con-la-calidad-educativa-de-la-uat","status":"publish","type":"post","link":"https:\/\/tamaulipasmiregion.com\/?p=2574","title":{"rendered":"Reconocen el compromiso del rector D\u00e1maso Anaya con la calidad educativa de la UAT"},"content":{"rendered":"<p>Integrantes de los Comit\u00e9s Interinstitucionales para la Evaluaci\u00f3n de la Educaci\u00f3n Superior<br \/>\n(CIEES) reconocieron el compromiso del rector, MVZ D\u00e1maso Anaya Alvarado, por impulsar<br \/>\nla calidad de los programas educativos de la Universidad Aut\u00f3noma de Tamaulipas (UAT).<br \/>\nLo anterior fue puesto de relieve al t\u00e9rmino del proceso de evaluaci\u00f3n que, en la<br \/>\nmodalidad virtual, estuvo a cargo de un comit\u00e9 acad\u00e9mico externo, y cuya finalidad fue<br \/>\nreacreditar la Licenciatura en Derecho que imparte la Facultad de Comercio, Administraci\u00f3n<br \/>\ny Ciencias Sociales Nuevo Laredo.<br \/>\nEl Mtro. Francisco Javier Solana Ortiz, encargado de la vocal\u00eda del Comit\u00e9 de Ciencias<br \/>\nSociales y Administrativas; la Dra. Mar\u00eda Estela Morales Tamez, coordinadora de la Comisi\u00f3n<br \/>\nde Pares Acad\u00e9micos Externos de los CIEES; el Dr. Roberto Aude D\u00edaz y el Dr. Jos\u00e9 Enrique<br \/>\nRivera Rodr\u00edguez, miembros de la Comisi\u00f3n de Pares Acad\u00e9micos Externos de los CIEES,<br \/>\ncoincidieron en resaltar el compromiso del MVZ D\u00e1maso Anaya con el crecimiento educativo<br \/>\nde la UAT.<br \/>\nSostuvieron que no es com\u00fan en estos procesos de evaluaci\u00f3n externa la presencia de<br \/>\nun rector, de modo que esto demuestra el inter\u00e9s de supervisar el desarrollo del ejercicio,<br \/>\nen cuyos objetivos est\u00e1 la mejora continua de los programas educativos que se ofrecen a la<br \/>\nsociedad tamaulipeca.<br \/>\nTambi\u00e9n agradecieron la confianza depositada en los organismos de evaluaci\u00f3n del CIEES y<br \/>\nen particular en el Comit\u00e9 de Ciencias Sociales y Administrativas para llevar a cabo el<br \/>\nproceso de reacreditaci\u00f3n de la Licenciatura en Derecho.<br \/>\nFinalmente, destacaron el trabajo en equipo de la UAT y reconocieron el esfuerzo y el<br \/>\ncompromiso con la educaci\u00f3n en Tamaulipas.<\/p>\n","protected":false},"excerpt":{"rendered":"Integrantes de los Comit\u00e9s Interinstitucionales para la Evaluaci\u00f3n de la Educaci\u00f3n Superior (CIEES) reconocieron el compromiso del rector, MVZ D\u00e1maso Anaya Alvarado, por impulsar la calidad de los programas educativos de la Universidad Aut\u00f3noma de Tamaulipas (UAT). Lo anterior fue puesto de relieve al t\u00e9rmino del proceso de evaluaci\u00f3n que, en la modalidad virtual, estuvo","protected":false},"author":1,"featured_media":2575,"comment_status":"open","ping_status":"open","sticky":false,"template":"","format":"standard","meta":{"_monsterinsights_skip_tracking":false,"_monsterinsights_sitenote_active":false,"_monsterinsights_sitenote_note":"","_monsterinsights_sitenote_category":0,"footnotes":""},"categories":[3],"tags":[],"class_list":["post-2574","post","type-post","status-publish","format-standard","has-post-thumbnail","hentry","category-noticias"],"aioseo_notices":[],"amp_enabled":true,"_links":{"self":[{"href":"https:\/\/tamaulipasmiregion.com\/index.php?rest_route=\/wp\/v2\/posts\/2574","targetHints":{"allow":["GET"]}}],"collection":[{"href":"https:\/\/tamaulipasmiregion.com\/index.php?rest_route=\/wp\/v2\/posts"}],"about":[{"href":"https:\/\/tamaulipasmiregion.com\/index.php?rest_route=\/wp\/v2\/types\/post"}],"author":[{"embeddable":true,"href":"https:\/\/tamaulipasmiregion.com\/index.php?rest_route=\/wp\/v2\/users\/1"}],"replies":[{"embeddable":true,"href":"https:\/\/tamaulipasmiregion.com\/index.php?rest_route=%2Fwp%2Fv2%2Fcomments&post=2574"}],"version-history":[{"count":1,"href":"https:\/\/tamaulipasmiregion.com\/index.php?rest_route=\/wp\/v2\/posts\/2574\/revisions"}],"predecessor-version":[{"id":2576,"href":"https:\/\/tamaulipasmiregion.com\/index.php?rest_route=\/wp\/v2\/posts\/2574\/revisions\/2576"}],"wp:featuredmedia":[{"embeddable":true,"href":"https:\/\/tamaulipasmiregion.com\/index.php?rest_route=\/wp\/v2\/media\/2575"}],"wp:attachment":[{"href":"https:\/\/tamaulipasmiregion.com\/index.php?rest_route=%2Fwp%2Fv2%2Fmedia&parent=2574"}],"wp:term":[{"taxonomy":"category","embeddable":true,"href":"https:\/\/tamaulipasmiregion.com\/index.php?rest_route=%2Fwp%2Fv2%2Fcategories&post=2574"},{"taxonomy":"post_tag","embeddable":true,"href":"https:\/\/tamaulipasmiregion.com\/index.php?rest_route=%2Fwp%2Fv2%2Ftags&post=2574"}],"curies":[{"name":"wp","href":"https:\/\/api.w.org\/{rel}","templated":true}]}}