{"id":2593,"date":"2024-09-07T03:27:10","date_gmt":"2024-09-07T03:27:10","guid":{"rendered":"https:\/\/tamaulipasmiregion.com\/?p=2593"},"modified":"2024-09-12T03:29:15","modified_gmt":"2024-09-12T03:29:15","slug":"arranca-en-la-uat-el-taller-construyendo-mi-proyecto-de-vida-dirigido-a-estudiantes-de-nuevo-ingreso","status":"publish","type":"post","link":"https:\/\/tamaulipasmiregion.com\/?p=2593","title":{"rendered":"Arranca en la UAT el taller Construyendo Mi Proyecto de Vida, dirigido a estudiantes de nuevo ingreso"},"content":{"rendered":"<p>La Universidad Aut\u00f3 n\u00f3ma de Tamaulipas (UAT) pus\u00f3 en marcha el curs\u00f3-taller<br \/>\nC\u00f3nstruyend\u00f3 Mi Pr\u00f3yect\u00f3 de Vida, disen ad\u00f3 para ap\u00f3yar la integraci\u00f3 n de estudiantes<br \/>\nde nuev\u00f3 ingres\u00f3 y su desarr\u00f3ll\u00f3 en el ent\u00f3rn\u00f3 universitari\u00f3.<br \/>\nEste taller, que arranc\u00f3 en las Facultades de Medicina Veterinaria y Z\u00f3\u00f3tecnia y de<br \/>\nC\u00f3merci\u00f3 y Administraci\u00f3 n Vict\u00f3ria, f\u00f3rma parte de un pr\u00f3grama de \u00f3rientaci\u00f3 n y<br \/>\ndesarr\u00f3ll\u00f3 estudiantil impulsad\u00f3 p\u00f3r la Secretar\u00ed a de Gesti\u00f3 n Esc\u00f3lar mediante la<br \/>\nDirecci\u00f3 n de Humanism\u00f3 S\u00f3cial de la UAT.<br \/>\nAl inaugurar esta serie de talleres, a n\u00f3mbre del MVZ Da mas\u00f3 Anaya Alvarad\u00f3, rect\u00f3r<br \/>\nde la UAT; la secretaria de Gesti\u00f3 n Esc\u00f3lar, Dra. Alma Amalia Herna ndez Ilizaliturri<br \/>\ndestac\u00f3 que, adema s de la f\u00f3rmaci\u00f3 n te\u00f3 rica, cada estudiante debe desarr\u00f3llar<br \/>\nhabilidades humanistas y un firme c\u00f3mpr\u00f3mis\u00f3 c\u00f3n el bien c\u00f3mu n.<br \/>\nRecalc\u00f3 que la UAT tiene c\u00f3m\u00f3 \u00f3bjetiv\u00f3 n\u00f3 s\u00f3l\u00f3 f\u00f3rmar pr\u00f3fesi\u00f3nales c\u00f3mpetentes,<br \/>\nsin\u00f3 tambie n una ciudadan\u00ed a resp\u00f3nsable, que pueda c\u00f3ntribuir p\u00f3sitivamente a la<br \/>\ns\u00f3ciedad. Anim\u00f3 al estudiantad\u00f3 a apr\u00f3vechar al ma xim\u00f3 las \u00f3p\u00f3rtunidades que \u00f3frece<br \/>\nla Universidad, tales c\u00f3m\u00f3 la m\u00f3vilidad estudiantil, la investigaci\u00f3 n y la participaci\u00f3 n en<br \/>\npr\u00f3yect\u00f3s de resp\u00f3nsabilidad s\u00f3cial.<br \/>\nEl pr\u00f3grama se inici\u00f3 c\u00f3n la participaci\u00f3 n de la Mtra. Claudia Libertad Orta Cal\u00f3ca,<br \/>\nquien dirigi\u00f3 las primeras sesi\u00f3nes del taller en Ciudad Vict\u00f3ria, en las que se ab\u00f3rdar\u00f3n<br \/>\ntemas fundamentales c\u00f3m\u00f3 la c\u00f3nstrucci\u00f3 n de un pr\u00f3yect\u00f3 de vida y el c\u00f3n\u00f3cimient\u00f3 de<br \/>\nla misi\u00f3 n y visi\u00f3 n de la UAT, as\u00ed c\u00f3m\u00f3 el desarr\u00f3ll\u00f3 de habilidades blandas.<br \/>\nEl taller c\u00f3ntinuara en vari\u00f3s m\u00f3 dul\u00f3s a l\u00f3 larg\u00f3 del semestre en diferentes<br \/>\nfacultades y unidades acade micas de l\u00f3s campus de Ciudad Vict\u00f3ria y Tampic\u00f3.<\/p>\n","protected":false},"excerpt":{"rendered":"La Universidad Aut\u00f3 n\u00f3ma de Tamaulipas (UAT) pus\u00f3 en marcha el curs\u00f3-taller C\u00f3nstruyend\u00f3 Mi Pr\u00f3yect\u00f3 de Vida, disen ad\u00f3 para ap\u00f3yar la integraci\u00f3 n de estudiantes de nuev\u00f3 ingres\u00f3 y su desarr\u00f3ll\u00f3 en el ent\u00f3rn\u00f3 universitari\u00f3. Este taller, que arranc\u00f3 en las Facultades de Medicina Veterinaria y Z\u00f3\u00f3tecnia y de C\u00f3merci\u00f3 y Administraci\u00f3 n Vict\u00f3ria,","protected":false},"author":1,"featured_media":2594,"comment_status":"open","ping_status":"open","sticky":false,"template":"","format":"standard","meta":{"_monsterinsights_skip_tracking":false,"_monsterinsights_sitenote_active":false,"_monsterinsights_sitenote_note":"","_monsterinsights_sitenote_category":0,"footnotes":""},"categories":[3],"tags":[],"class_list":["post-2593","post","type-post","status-publish","format-standard","has-post-thumbnail","hentry","category-noticias"],"aioseo_notices":[],"amp_enabled":true,"_links":{"self":[{"href":"https:\/\/tamaulipasmiregion.com\/index.php?rest_route=\/wp\/v2\/posts\/2593","targetHints":{"allow":["GET"]}}],"collection":[{"href":"https:\/\/tamaulipasmiregion.com\/index.php?rest_route=\/wp\/v2\/posts"}],"about":[{"href":"https:\/\/tamaulipasmiregion.com\/index.php?rest_route=\/wp\/v2\/types\/post"}],"author":[{"embeddable":true,"href":"https:\/\/tamaulipasmiregion.com\/index.php?rest_route=\/wp\/v2\/users\/1"}],"replies":[{"embeddable":true,"href":"https:\/\/tamaulipasmiregion.com\/index.php?rest_route=%2Fwp%2Fv2%2Fcomments&post=2593"}],"version-history":[{"count":2,"href":"https:\/\/tamaulipasmiregion.com\/index.php?rest_route=\/wp\/v2\/posts\/2593\/revisions"}],"predecessor-version":[{"id":2597,"href":"https:\/\/tamaulipasmiregion.com\/index.php?rest_route=\/wp\/v2\/posts\/2593\/revisions\/2597"}],"wp:featuredmedia":[{"embeddable":true,"href":"https:\/\/tamaulipasmiregion.com\/index.php?rest_route=\/wp\/v2\/media\/2594"}],"wp:attachment":[{"href":"https:\/\/tamaulipasmiregion.com\/index.php?rest_route=%2Fwp%2Fv2%2Fmedia&parent=2593"}],"wp:term":[{"taxonomy":"category","embeddable":true,"href":"https:\/\/tamaulipasmiregion.com\/index.php?rest_route=%2Fwp%2Fv2%2Fcategories&post=2593"},{"taxonomy":"post_tag","embeddable":true,"href":"https:\/\/tamaulipasmiregion.com\/index.php?rest_route=%2Fwp%2Fv2%2Ftags&post=2593"}],"curies":[{"name":"wp","href":"https:\/\/api.w.org\/{rel}","templated":true}]}}