{"id":2598,"date":"2024-09-08T03:33:29","date_gmt":"2024-09-08T03:33:29","guid":{"rendered":"https:\/\/tamaulipasmiregion.com\/?p=2598"},"modified":"2024-09-12T03:34:30","modified_gmt":"2024-09-12T03:34:30","slug":"proyecta-la-uat-construir-una-facultad-de-medicina-en-victoria","status":"publish","type":"post","link":"https:\/\/tamaulipasmiregion.com\/?p=2598","title":{"rendered":"Proyecta la UAT construir una Facultad de Medicina en Victoria"},"content":{"rendered":"<p>Ante la creciente demanda de educaci\u00f3 n superi\u00f3r, y c\u00f3m\u00f3 parte de l\u00f3s pr\u00f3yect\u00f3s para<br \/>\n\u00f3frecer nuevas \u00f3pci\u00f3nes de licenciaturas en el estad\u00f3, s\u00f3bre t\u00f3d\u00f3 en l\u00f3 relaci\u00f3nad\u00f3 c\u00f3n<br \/>\nlas a reas de la salud, la Universidad Aut\u00f3 n\u00f3ma de Tamaulipas (UAT) c\u00f3ntempla la<br \/>\ncreaci\u00f3 n de una Facultad de Medicina en Ciudad Vict\u00f3ria.<br \/>\nEl rect\u00f3r, MVZ Da mas\u00f3 Anaya Alvarad\u00f3, inf\u00f3rm\u00f3 en entrevista que el pr\u00f3yect\u00f3 para<br \/>\n\u00f3frecer la carrera de Medicina en el Campus Vict\u00f3ria esta en ana lisis y se enmarca en el<br \/>\ntrabaj\u00f3 que busca ampliar la c\u00f3bertura educativa de la Universidad y \u00f3frecer \u00f3pci\u00f3nes<br \/>\npertinentes de licenciaturas a trave s de l\u00f3s diferentes campus.<br \/>\nIndic\u00f3 que actualmente se esta n analizand\u00f3 las p\u00f3sibilidades de establecer una<br \/>\nFacultad de Medicina en la capital del estad\u00f3, as\u00ed c\u00f3m\u00f3 \u00f3fertar tambie n la carrera de<br \/>\nOd\u00f3nt\u00f3l\u00f3g\u00ed a en esta z\u00f3na.<br \/>\nSen al\u00f3 que su administraci\u00f3 n es c\u00f3nsciente de las \u00f3pci\u00f3nes de educaci\u00f3 n superi\u00f3r<br \/>\nque faltan en cada un\u00f3 de sus campus, p\u00f3r l\u00f3 cual se analizan l\u00f3s pr\u00f3yect\u00f3s para ampliar<br \/>\nla c\u00f3bertura de pr\u00f3gramas acade mic\u00f3s.<br \/>\nP\u00f3r ejempl\u00f3 \u2014an adi\u00f3 \u2014, en Matam\u00f3r\u00f3s existe la intenci\u00f3 n de \u00f3frecer carreras<br \/>\nadministrativas, y en Nuev\u00f3 Lared\u00f3, c\u00f3n la inauguraci\u00f3 n de la Direcci\u00f3 n General de<br \/>\nAduanas, que dara may\u00f3r relevancia a la imp\u00f3rtaci\u00f3 n y exp\u00f3rtaci\u00f3 n, sera necesari\u00f3<br \/>\nc\u00f3ntar c\u00f3n licenciaturas ac\u00f3rdes a las necesidades que se van a generar en el sect\u00f3r,<br \/>\nc\u00f3m\u00f3 p\u00f3dr\u00ed a ser una carrera en Gerencia del Transp\u00f3rte.<br \/>\nNuevas opciones de licenciatura en R\u00edo Bravo y Victoria<br \/>\nDa mas\u00f3 Anaya destac\u00f3 que desde el inici\u00f3 de su gesti\u00f3 n rect\u00f3ral se trabaja en la<br \/>\nplaneaci\u00f3 n de nueva \u00f3ferta educativa, y precis\u00f3 que, a partir de este peri\u00f3d\u00f3 esc\u00f3lar la<br \/>\nUAT abri\u00f3 d\u00f3s nuevas \u00f3pci\u00f3nes: la Licenciatura en Administraci\u00f3 n en la Unidad<br \/>\nAcade mica Multidisciplinaria R\u00ed \u00f3 Brav\u00f3 y la Licenciatura en Pr\u00f3ducci\u00f3 n Agr\u00f3pecuaria<br \/>\nSustentable que imparte la Facultad de Medicina Veterinaria y Z\u00f3\u00f3tecnia.<br \/>\nAsever\u00f3 que c\u00f3n ell\u00f3 la Universidad f\u00f3rtalece su \u00f3ferta acade mica al iniciar el cicl\u00f3<br \/>\nesc\u00f3lar \u00f3t\u00f3n \u00f3 2024 y destaca su c\u00f3mpr\u00f3mis\u00f3 c\u00f3n la actualizaci\u00f3 n y diversificaci\u00f3 n de<br \/>\nsu \u00f3ferta educativa, resp\u00f3ndiend\u00f3 a las necesidades del mercad\u00f3 lab\u00f3ral a la vez que<br \/>\npr\u00f3mueve el desarr\u00f3ll\u00f3 s\u00f3stenible y la excelencia en la gesti\u00f3 n administrativa.<\/p>\n","protected":false},"excerpt":{"rendered":"Ante la creciente demanda de educaci\u00f3 n superi\u00f3r, y c\u00f3m\u00f3 parte de l\u00f3s pr\u00f3yect\u00f3s para \u00f3frecer nuevas \u00f3pci\u00f3nes de licenciaturas en el estad\u00f3, s\u00f3bre t\u00f3d\u00f3 en l\u00f3 relaci\u00f3nad\u00f3 c\u00f3n las a reas de la salud, la Universidad Aut\u00f3 n\u00f3ma de Tamaulipas (UAT) c\u00f3ntempla la creaci\u00f3 n de una Facultad de Medicina en Ciudad Vict\u00f3ria. El","protected":false},"author":1,"featured_media":2599,"comment_status":"open","ping_status":"open","sticky":false,"template":"","format":"standard","meta":{"_monsterinsights_skip_tracking":false,"_monsterinsights_sitenote_active":false,"_monsterinsights_sitenote_note":"","_monsterinsights_sitenote_category":0,"footnotes":""},"categories":[3],"tags":[],"class_list":["post-2598","post","type-post","status-publish","format-standard","has-post-thumbnail","hentry","category-noticias"],"aioseo_notices":[],"amp_enabled":true,"_links":{"self":[{"href":"https:\/\/tamaulipasmiregion.com\/index.php?rest_route=\/wp\/v2\/posts\/2598","targetHints":{"allow":["GET"]}}],"collection":[{"href":"https:\/\/tamaulipasmiregion.com\/index.php?rest_route=\/wp\/v2\/posts"}],"about":[{"href":"https:\/\/tamaulipasmiregion.com\/index.php?rest_route=\/wp\/v2\/types\/post"}],"author":[{"embeddable":true,"href":"https:\/\/tamaulipasmiregion.com\/index.php?rest_route=\/wp\/v2\/users\/1"}],"replies":[{"embeddable":true,"href":"https:\/\/tamaulipasmiregion.com\/index.php?rest_route=%2Fwp%2Fv2%2Fcomments&post=2598"}],"version-history":[{"count":1,"href":"https:\/\/tamaulipasmiregion.com\/index.php?rest_route=\/wp\/v2\/posts\/2598\/revisions"}],"predecessor-version":[{"id":2600,"href":"https:\/\/tamaulipasmiregion.com\/index.php?rest_route=\/wp\/v2\/posts\/2598\/revisions\/2600"}],"wp:featuredmedia":[{"embeddable":true,"href":"https:\/\/tamaulipasmiregion.com\/index.php?rest_route=\/wp\/v2\/media\/2599"}],"wp:attachment":[{"href":"https:\/\/tamaulipasmiregion.com\/index.php?rest_route=%2Fwp%2Fv2%2Fmedia&parent=2598"}],"wp:term":[{"taxonomy":"category","embeddable":true,"href":"https:\/\/tamaulipasmiregion.com\/index.php?rest_route=%2Fwp%2Fv2%2Fcategories&post=2598"},{"taxonomy":"post_tag","embeddable":true,"href":"https:\/\/tamaulipasmiregion.com\/index.php?rest_route=%2Fwp%2Fv2%2Ftags&post=2598"}],"curies":[{"name":"wp","href":"https:\/\/api.w.org\/{rel}","templated":true}]}}