{"id":2607,"date":"2024-09-11T03:54:39","date_gmt":"2024-09-11T03:54:39","guid":{"rendered":"https:\/\/tamaulipasmiregion.com\/?p=2607"},"modified":"2024-09-12T03:55:39","modified_gmt":"2024-09-12T03:55:39","slug":"la-uat-y-microsoft-plantean-un-proyecto-de-inteligencia-artificial-enfocado-en-la-educacion","status":"publish","type":"post","link":"https:\/\/tamaulipasmiregion.com\/?p=2607","title":{"rendered":"La UAT y Microsoft plantean un proyecto de inteligencia artificial enfocado en la educaci\u00f3n"},"content":{"rendered":"<p>La Universidad Aut\u00f3noma de Tamaulipas (UAT) y Microsoft M\u00e9xico exploran la ejecuci\u00f3n de<br \/>\nun programa de capacitaci\u00f3n dirigido al personal acad\u00e9mico de la casa de estudios para<br \/>\ndotarlo de los m\u00e1s avanzados conocimientos en el uso de las tecnolog\u00edas de inteligencia<br \/>\nartificial, cuyo ejercicio incida en la pr\u00e1ctica docente y en la formaci\u00f3n de los futuros<br \/>\nprofesionales.<br \/>\nLo anterior se destac\u00f3 durante la reuni\u00f3n de trabajo que presidi\u00f3 el rector de la UAT,<br \/>\nMVZ D\u00e1maso Anaya Alvarado, con personal ejecutivo de Microsoft M\u00e9xico y Latinoam\u00e9rica,<br \/>\npara analizar nuevas oportunidades de colaboraci\u00f3n que fortalezcan el crecimiento de la<br \/>\nm\u00e1xima casa de estudios de la entidad.<br \/>\nEn la reuni\u00f3n celebrada en el Centro de Gesti\u00f3n del Conocimiento del Campus<br \/>\nVictoria, por parte de Microsoft estuvieron presentes Lupina Loperena, directora de<br \/>\nFilantrop\u00eda en M\u00e9xico, Centroam\u00e9rica y Caribe; Bel\u00e9n Martin, gerente de cuenta; y por<br \/>\nvideoconferencia, Mariana Maggio, responsable de programas acad\u00e9micos en<br \/>\nLatinoam\u00e9rica.<br \/>\nSe detall\u00f3 el Programa de Formaci\u00f3n en Inteligencia Artificial Generativa, cuyo<br \/>\nobjetivo es garantizar el acceso al desarrollo de habilidades de inteligencia artificial que<br \/>\npermitan responder r\u00e1pidamente a los cambios de la econom\u00eda impulsados por esa<br \/>\ntecnolog\u00eda.<br \/>\nEn cuanto a la docencia, la capacitaci\u00f3n pretende formar a los profesores<br \/>\nuniversitarios en el uso de la inteligencia artificial para mejorar la calidad de la ense\u00f1anza<br \/>\nincorporando esas tecnolog\u00edas avanzadas en el proceso educativo.<br \/>\nSe busca tambi\u00e9n que esto facilite el aprendizaje y prepare a los estudiantes para un<br \/>\nfuturo donde la inteligencia artificial estar\u00e1 presente en muchas \u00e1reas del campo laboral.<br \/>\nEl rector D\u00e1maso Anaya Alvarado destac\u00f3 la importancia de explorar nuevas<br \/>\npropuestas en el marco de la colaboraci\u00f3n que la UAT y Microsoft han sostenido desde hace<br \/>\nm\u00e1s de veinte a\u00f1os, y con ello, buscar alternativas de crecimiento para la Universidad.<br \/>\nAsever\u00f3 que su administraci\u00f3n rectoral tiene el firme prop\u00f3sito de posicionar a la UAT<br \/>\ncomo l\u00edder entre las instituciones de educaci\u00f3n superior, y afirm\u00f3 que las herramientas<br \/>\ntecnol\u00f3gicas desarrolladas por Microsoft ser\u00e1n un valioso apoyo en esta tarea.<\/p>\n","protected":false},"excerpt":{"rendered":"La Universidad Aut\u00f3noma de Tamaulipas (UAT) y Microsoft M\u00e9xico exploran la ejecuci\u00f3n de un programa de capacitaci\u00f3n dirigido al personal acad\u00e9mico de la casa de estudios para dotarlo de los m\u00e1s avanzados conocimientos en el uso de las tecnolog\u00edas de inteligencia artificial, cuyo ejercicio incida en la pr\u00e1ctica docente y en la formaci\u00f3n de los","protected":false},"author":1,"featured_media":2608,"comment_status":"open","ping_status":"open","sticky":false,"template":"","format":"standard","meta":{"_monsterinsights_skip_tracking":false,"_monsterinsights_sitenote_active":false,"_monsterinsights_sitenote_note":"","_monsterinsights_sitenote_category":0,"footnotes":""},"categories":[3],"tags":[],"class_list":["post-2607","post","type-post","status-publish","format-standard","has-post-thumbnail","hentry","category-noticias"],"aioseo_notices":[],"amp_enabled":true,"_links":{"self":[{"href":"https:\/\/tamaulipasmiregion.com\/index.php?rest_route=\/wp\/v2\/posts\/2607","targetHints":{"allow":["GET"]}}],"collection":[{"href":"https:\/\/tamaulipasmiregion.com\/index.php?rest_route=\/wp\/v2\/posts"}],"about":[{"href":"https:\/\/tamaulipasmiregion.com\/index.php?rest_route=\/wp\/v2\/types\/post"}],"author":[{"embeddable":true,"href":"https:\/\/tamaulipasmiregion.com\/index.php?rest_route=\/wp\/v2\/users\/1"}],"replies":[{"embeddable":true,"href":"https:\/\/tamaulipasmiregion.com\/index.php?rest_route=%2Fwp%2Fv2%2Fcomments&post=2607"}],"version-history":[{"count":1,"href":"https:\/\/tamaulipasmiregion.com\/index.php?rest_route=\/wp\/v2\/posts\/2607\/revisions"}],"predecessor-version":[{"id":2609,"href":"https:\/\/tamaulipasmiregion.com\/index.php?rest_route=\/wp\/v2\/posts\/2607\/revisions\/2609"}],"wp:featuredmedia":[{"embeddable":true,"href":"https:\/\/tamaulipasmiregion.com\/index.php?rest_route=\/wp\/v2\/media\/2608"}],"wp:attachment":[{"href":"https:\/\/tamaulipasmiregion.com\/index.php?rest_route=%2Fwp%2Fv2%2Fmedia&parent=2607"}],"wp:term":[{"taxonomy":"category","embeddable":true,"href":"https:\/\/tamaulipasmiregion.com\/index.php?rest_route=%2Fwp%2Fv2%2Fcategories&post=2607"},{"taxonomy":"post_tag","embeddable":true,"href":"https:\/\/tamaulipasmiregion.com\/index.php?rest_route=%2Fwp%2Fv2%2Ftags&post=2607"}],"curies":[{"name":"wp","href":"https:\/\/api.w.org\/{rel}","templated":true}]}}