{"id":2623,"date":"2024-09-15T16:32:29","date_gmt":"2024-09-15T16:32:29","guid":{"rendered":"https:\/\/tamaulipasmiregion.com\/?p=2623"},"modified":"2024-09-17T16:33:24","modified_gmt":"2024-09-17T16:33:24","slug":"estudiantes-de-la-uat-realizan-practicas-de-enfermeria-en-universidad-texas-am-en-laredo","status":"publish","type":"post","link":"https:\/\/tamaulipasmiregion.com\/?p=2623","title":{"rendered":"Estudiantes de la UAT realizan pr\u00e1cticas de enfermer\u00eda en Universidad Texas A&#038;M en Laredo"},"content":{"rendered":"<p>La Universidad Aut\u00f3noma de Tamaulipas (UAT) fortalece los lazos internacionales y<br \/>\nenriquece la formaci\u00f3n de sus estudiantes con el inicio de una colaboraci\u00f3n acad\u00e9mica entre<br \/>\nla Facultad de Enfermer\u00eda Nuevo Laredo con Texas A&#038;M International University (TAMIU).<br \/>\nEsta alianza, enmarcada en la visi\u00f3n humanista y transformadora del rector D\u00e1maso<br \/>\nAnaya Alvarado, se alinea con los ejes del Plan de Desarrollo Institucional 2024-2028 de la<br \/>\nUAT.<br \/>\nEn ese contexto, se comenz\u00f3 una importante experiencia te\u00f3rico-pr\u00e1ctica en el \u00e1rea de<br \/>\nenfermer\u00eda comunitaria en Laredo, Texas, que marca el inicio de esta colaboraci\u00f3n dise\u00f1ada<br \/>\npara fomentar el intercambio acad\u00e9mico y profesional entre ambas instituciones,<br \/>\nofreciendo a los estudiantes una valiosa experiencia pr\u00e1ctica en el contexto global.<br \/>\nEn la actividad participan siete estudiantes de la UAT, quienes tendr\u00e1n la oportunidad<br \/>\nde integrarse en distintos proyectos de salud comunitaria y enriquecer su formaci\u00f3n<br \/>\nprofesional con nuevas perspectivas educativas.<br \/>\nLos estudiantes que forman parte de esta primera experiencia son Jos\u00e9 Arath Hidekel<br \/>\nGarc\u00eda de Le\u00f3n, Leticia Ailed Renter\u00eda, Leslie Cervantes Montoya, Rebeca Pe\u00f1a Garc\u00eda,<br \/>\nMiriam Pe\u00f1a Garc\u00eda, Gibr\u00e1n Eliuh \u00c1lvarez Ruvalcaba y Viviana Aracely Gonz\u00e1lez.<br \/>\nLa coordinaci\u00f3n de la visita est\u00e1 a cargo de las docentes Liliana Leticia Ju\u00e1rez Medina y<br \/>\nMarissa Michelle D\u00edaz D\u00e1vila, quienes trabajan en estrecha colaboraci\u00f3n con sus colegas<br \/>\nestadounidenses. Por parte de TAMIU reciben a los estudiantes de la UAT los profesores<br \/>\nReyes G. Soto y Ang\u00e9lica M. Michelangeli.<br \/>\nEsta visita es el inicio de un programa de movilidad m\u00e1s amplio que se implementar\u00e1<br \/>\nformalmente con el objetivo principal de fortalecer los v\u00ednculos de colaboraci\u00f3n entre<br \/>\nambas universidades. El programa en conjunto facilitar\u00e1 el intercambio de conocimientos y<br \/>\nla cooperaci\u00f3n en diversas \u00e1reas, beneficiando a estudiantes y docentes.<br \/>\nA trav\u00e9s de esta colaboraci\u00f3n, la Universidad Aut\u00f3noma de Tamaulipas demuestra su<br \/>\ncompromiso con el desarrollo global de sus estudiantes al ofrecer oportunidades educativas<br \/>\nde alta calidad, prepar\u00e1ndolos para enfrentar desaf\u00edos globales y reafirmando su papel<br \/>\ncomo una instituci\u00f3n l\u00edder en la formaci\u00f3n de conexiones internacionales de aprendizaje.<\/p>\n","protected":false},"excerpt":{"rendered":"La Universidad Aut\u00f3noma de Tamaulipas (UAT) fortalece los lazos internacionales y enriquece la formaci\u00f3n de sus estudiantes con el inicio de una colaboraci\u00f3n acad\u00e9mica entre la Facultad de Enfermer\u00eda Nuevo Laredo con Texas A&#038;M International University (TAMIU). Esta alianza, enmarcada en la visi\u00f3n humanista y transformadora del rector D\u00e1maso Anaya Alvarado, se alinea con los","protected":false},"author":1,"featured_media":2624,"comment_status":"open","ping_status":"open","sticky":false,"template":"","format":"standard","meta":{"_monsterinsights_skip_tracking":false,"_monsterinsights_sitenote_active":false,"_monsterinsights_sitenote_note":"","_monsterinsights_sitenote_category":0,"footnotes":""},"categories":[3],"tags":[],"class_list":["post-2623","post","type-post","status-publish","format-standard","has-post-thumbnail","hentry","category-noticias"],"aioseo_notices":[],"amp_enabled":true,"_links":{"self":[{"href":"https:\/\/tamaulipasmiregion.com\/index.php?rest_route=\/wp\/v2\/posts\/2623","targetHints":{"allow":["GET"]}}],"collection":[{"href":"https:\/\/tamaulipasmiregion.com\/index.php?rest_route=\/wp\/v2\/posts"}],"about":[{"href":"https:\/\/tamaulipasmiregion.com\/index.php?rest_route=\/wp\/v2\/types\/post"}],"author":[{"embeddable":true,"href":"https:\/\/tamaulipasmiregion.com\/index.php?rest_route=\/wp\/v2\/users\/1"}],"replies":[{"embeddable":true,"href":"https:\/\/tamaulipasmiregion.com\/index.php?rest_route=%2Fwp%2Fv2%2Fcomments&post=2623"}],"version-history":[{"count":1,"href":"https:\/\/tamaulipasmiregion.com\/index.php?rest_route=\/wp\/v2\/posts\/2623\/revisions"}],"predecessor-version":[{"id":2625,"href":"https:\/\/tamaulipasmiregion.com\/index.php?rest_route=\/wp\/v2\/posts\/2623\/revisions\/2625"}],"wp:featuredmedia":[{"embeddable":true,"href":"https:\/\/tamaulipasmiregion.com\/index.php?rest_route=\/wp\/v2\/media\/2624"}],"wp:attachment":[{"href":"https:\/\/tamaulipasmiregion.com\/index.php?rest_route=%2Fwp%2Fv2%2Fmedia&parent=2623"}],"wp:term":[{"taxonomy":"category","embeddable":true,"href":"https:\/\/tamaulipasmiregion.com\/index.php?rest_route=%2Fwp%2Fv2%2Fcategories&post=2623"},{"taxonomy":"post_tag","embeddable":true,"href":"https:\/\/tamaulipasmiregion.com\/index.php?rest_route=%2Fwp%2Fv2%2Ftags&post=2623"}],"curies":[{"name":"wp","href":"https:\/\/api.w.org\/{rel}","templated":true}]}}