{"id":2626,"date":"2024-09-16T16:35:06","date_gmt":"2024-09-16T16:35:06","guid":{"rendered":"https:\/\/tamaulipasmiregion.com\/?p=2626"},"modified":"2024-09-17T16:35:54","modified_gmt":"2024-09-17T16:35:54","slug":"ceina-uat-conmemora-15-anos-de-educacion-bilingue-y-compromiso-con-la-ninez-y-adolescencia","status":"publish","type":"post","link":"https:\/\/tamaulipasmiregion.com\/?p=2626","title":{"rendered":"CEINA-UAT Conmemora 15 A\u00f1os de educaci\u00f3n biling\u00fce y compromiso con la ni\u00f1ez y adolescencia"},"content":{"rendered":"<p>El Centro Especializado de Idiomas para la Nin ez y Adolescencia (CEINA) de la<br \/>\nUniversidad Auto noma de Tamaulipas (UAT) celebro su de cimo quinto aniversario el<br \/>\npasado 13 de septiembre con una ceremonia en la explanada de sus instalaciones en<br \/>\nCiudad Victoria.<br \/>\nEl evento que presidio el MVZ Da maso Anaya Alvarado, rector de la UAT, y su<br \/>\nesposa, Lic. Isolda Rendo n de Anaya, presidenta de Familia UAT, fue una oportunidad<br \/>\npara festejar el legado de este centro educativo y reconocer el impacto que ha tenido<br \/>\nen la educacio n bilingu e de cientos de nin os y adolescentes tamaulipecos.<br \/>\nEn su mensaje, el MVZ Da maso Anaya Alvarado expreso que, durante estos quince<br \/>\nan os de servir a la comunidad, el CEINA ha sido un referente para el desarrollo y<br \/>\ndominio de idiomas de cientos de nin os y adolescentes, por lo que agradecio la<br \/>\nconfianza que las familias han depositado en la UAT para la educacio n de sus hijos.<br \/>\nPuntualizo el rector que el CEINA ha sido un pilar en la estrategia educativa de la<br \/>\nUAT, impulsando la formacio n bilingu e como una herramienta clave en la preparacio n<br \/>\nde las nuevas generaciones.<br \/>\nActualmente, el CEINA cuenta con 26 miembros del personal administrativo, 36<br \/>\ninstructores y alrededor de 1500 alumnos, reflejando su constante crecimiento y<br \/>\nconsolidacio n como un referente en la ensen anza de idiomas.<br \/>\nCon la presencia tambie n de personal directivo del CEINA y de Familia UAT, en el<br \/>\nevento se reconocio la labor del personal administrativo e instructores que han sido<br \/>\nfundamentales en el desarrollo del centro a lo largo de estos quince an os.<br \/>\nEntre los homenajeados destacaron Martha Isabel Ayala Huerta, Mar\u00ed a del Pilar<br \/>\nEscamilla Cardoso, Georgina Esmeralda Gonza lez Sa nchez, Mar\u00ed a Dolores Mart\u00ed nez<br \/>\nHerna ndez y Reyes Omar Silva Mart\u00ed nez, quienes han sido pilares en el e xito y expansio n<br \/>\ndel centro. Posteriormente, se realizo la develacio n de una placa conmemorativa, un<br \/>\ngesto que simboliza el impacto que el CEINA ha tenido en la formacio n de nin os y<br \/>\nadolescentes, fortaleciendo su educacio n a trave s de la ensen anza de idiomas.<br \/>\nFundado en 2009, el CEINA inicio como un proyecto para los hijos de los<br \/>\ntrabajadores de la UAT, pero su demanda y e xito lo han convertido en un centro abierto<br \/>\na la comunidad, donde nin os y adolescentes de entre 4 y 16 an os han encontrado un<br \/>\nespacio ideal para aprender idiomas como ingle s y france s.<br \/>\nOriginalmente ubicado en el 15 Boulevard Praxedis Balboa, el centro se traslado en<br \/>\n2014 a las calles 18 y 19 Gutie rrez de Lara, y hoy en d\u00ed a opera desde el 21 Me ndez en<br \/>\nCiudad Victoria.<\/p>\n","protected":false},"excerpt":{"rendered":"El Centro Especializado de Idiomas para la Nin ez y Adolescencia (CEINA) de la Universidad Auto noma de Tamaulipas (UAT) celebro su de cimo quinto aniversario el pasado 13 de septiembre con una ceremonia en la explanada de sus instalaciones en Ciudad Victoria. El evento que presidio el MVZ Da maso Anaya Alvarado, rector de","protected":false},"author":1,"featured_media":2627,"comment_status":"open","ping_status":"open","sticky":false,"template":"","format":"standard","meta":{"_monsterinsights_skip_tracking":false,"_monsterinsights_sitenote_active":false,"_monsterinsights_sitenote_note":"","_monsterinsights_sitenote_category":0,"footnotes":""},"categories":[3],"tags":[],"class_list":["post-2626","post","type-post","status-publish","format-standard","has-post-thumbnail","hentry","category-noticias"],"aioseo_notices":[],"amp_enabled":true,"_links":{"self":[{"href":"https:\/\/tamaulipasmiregion.com\/index.php?rest_route=\/wp\/v2\/posts\/2626","targetHints":{"allow":["GET"]}}],"collection":[{"href":"https:\/\/tamaulipasmiregion.com\/index.php?rest_route=\/wp\/v2\/posts"}],"about":[{"href":"https:\/\/tamaulipasmiregion.com\/index.php?rest_route=\/wp\/v2\/types\/post"}],"author":[{"embeddable":true,"href":"https:\/\/tamaulipasmiregion.com\/index.php?rest_route=\/wp\/v2\/users\/1"}],"replies":[{"embeddable":true,"href":"https:\/\/tamaulipasmiregion.com\/index.php?rest_route=%2Fwp%2Fv2%2Fcomments&post=2626"}],"version-history":[{"count":1,"href":"https:\/\/tamaulipasmiregion.com\/index.php?rest_route=\/wp\/v2\/posts\/2626\/revisions"}],"predecessor-version":[{"id":2628,"href":"https:\/\/tamaulipasmiregion.com\/index.php?rest_route=\/wp\/v2\/posts\/2626\/revisions\/2628"}],"wp:featuredmedia":[{"embeddable":true,"href":"https:\/\/tamaulipasmiregion.com\/index.php?rest_route=\/wp\/v2\/media\/2627"}],"wp:attachment":[{"href":"https:\/\/tamaulipasmiregion.com\/index.php?rest_route=%2Fwp%2Fv2%2Fmedia&parent=2626"}],"wp:term":[{"taxonomy":"category","embeddable":true,"href":"https:\/\/tamaulipasmiregion.com\/index.php?rest_route=%2Fwp%2Fv2%2Fcategories&post=2626"},{"taxonomy":"post_tag","embeddable":true,"href":"https:\/\/tamaulipasmiregion.com\/index.php?rest_route=%2Fwp%2Fv2%2Ftags&post=2626"}],"curies":[{"name":"wp","href":"https:\/\/api.w.org\/{rel}","templated":true}]}}