{"id":2630,"date":"2024-09-17T01:36:16","date_gmt":"2024-09-17T01:36:16","guid":{"rendered":"https:\/\/tamaulipasmiregion.com\/?p=2630"},"modified":"2024-09-24T01:37:15","modified_gmt":"2024-09-24T01:37:15","slug":"el-rector-damaso-anaya-preside-la-graduacion-de-161-egresados-de-la-uat","status":"publish","type":"post","link":"https:\/\/tamaulipasmiregion.com\/?p=2630","title":{"rendered":"El rector D\u00e1maso Anaya preside la graduaci\u00f3n de 161 egresados de la UAT"},"content":{"rendered":"<p>\u2022 En emotiva ceremonia, la Facultad de Derecho y Ciencias Sociales Victoria<br \/>\nentreg\u00f3 una nueva generaci\u00f3n de profesionales de las licenciaturas de Derecho,<br \/>\nComunicaci\u00f3n, Turismo y Negocios Internacionales, as\u00ed como de la Maestr\u00eda en<br \/>\nDerecho y Procesos Orales.<br \/>\nEl nuevo proyecto de la Universidad Auto noma de Tamaulipas (UAT) esta enfocado en<br \/>\nformar profesionales desde una visio n humanista, que sean conscientes de la<br \/>\nresponsabilidad con su sociedad y que trabajen para contribuir a su desarrollo, aseguro<br \/>\nel rector, MVZ Da maso Anaya Alvarado, al presidir la ceremonia de graduacio n de la<br \/>\nFacultad de Derecho y Ciencias Sociales Victoria (FDCSV).<br \/>\nLuego de agradecer a los padres de familia la confianza depositada en la UAT para<br \/>\nla formacio n de sus hijos, el rector dijo que el logro alcanzado por los graduados es el<br \/>\nresultado de su sacrifico y su apoyo incondicional.<br \/>\nAsimismo, expreso su felicitacio n a los graduados, y dijo que, en esta generacio n, la<br \/>\nUniversidad entrega a la sociedad tamaulipeca 161 egresados de las carreras de<br \/>\nDerecho, Ciencias de la Comunicacio n, Negocios Internacionales y Turismo; as\u00ed como<br \/>\nprofesionales formados en la Maestr\u00ed a en Derecho y Procesos Orales.<br \/>\nDe igual manera, subrayo su confianza en que compartira n la meta de contribuir al<br \/>\nbienestar de la sociedad desde sus respectivas profesiones, ya que \u2014an adio \u2014, en la<br \/>\nUAT adquirieron ese compromiso con una perspectiva profundamente humanista.<br \/>\nResalto que, adema s de conocimientos y destrezas profesionales, llevan una<br \/>\nprofunda responsabilidad con la sociedad, por lo que los exhorto a no perder de vista la<br \/>\nmisio n de contribuir y mejorar la vida de quienes los rodean.<br \/>\nA nombre de los egresados, Kevin Mata Limo n agradecio a la UAT por la consecucio n<br \/>\nde esta meta, la cual, dijo, es ma s significativa debido a las condiciones de estudio que<br \/>\nse les presentaron por la pandemia de 2020, que los hizo esforzarse y les ensen o a<br \/>\nluchar ma s contra las adversidades.<br \/>\nPor su parte, el Dr. Edy Izaguirre Trevin o, director de la FDCSV, agradecio al rector<br \/>\nDa maso Anaya por la contribucio n que ha hecho para el logro de los ahora graduados,<br \/>\nas\u00ed como por su apoyo para impulsar, en esta institucio n, grandes proyectos y obras de<br \/>\ninfraestructura que servira n para la mejor formacio n de los universitarios.<br \/>\nEn el acto se entregaron reconocimientos a los estudiantes con mayor<br \/>\naprovechamiento acade mico, siendo Kevin Mata Limo n quien recibio la Medalla a la<br \/>\nExcelencia Acade mica \u201cLic. Francisco Herna ndez Garc\u00ed a\u201d.<br \/>\nAl evento celebrado en el Teatro Amalia Gonza lez de Castillo Ledo n acudio , con la<br \/>\nrepresentacio n del Gobierno del Estado, el subsecretario de Educacio n Superior de la<br \/>\nSecretar\u00ed a de Educacio n en Tamaulipas, Dr. Guadalupe Acosta Villarreal.<br \/>\nEstuvieron presentes tambie n los padrinos de las licenciaturas: Dr. Roberto Zu n iga<br \/>\nArias, Lic. Juan Carlos Lo pez Cruz, Mtra. Edith Maldonado D\u00ed az y Mtro. O scar Romero de<br \/>\nla Cruz; as\u00ed como el de la maestr\u00ed a, Dr. Juan Plutarco Arcos Mart\u00ed nez.<\/p>\n","protected":false},"excerpt":{"rendered":"\u2022 En emotiva ceremonia, la Facultad de Derecho y Ciencias Sociales Victoria entreg\u00f3 una nueva generaci\u00f3n de profesionales de las licenciaturas de Derecho, Comunicaci\u00f3n, Turismo y Negocios Internacionales, as\u00ed como de la Maestr\u00eda en Derecho y Procesos Orales. El nuevo proyecto de la Universidad Auto noma de Tamaulipas (UAT) esta enfocado en formar profesionales desde","protected":false},"author":1,"featured_media":2631,"comment_status":"open","ping_status":"open","sticky":false,"template":"","format":"standard","meta":{"_monsterinsights_skip_tracking":false,"_monsterinsights_sitenote_active":false,"_monsterinsights_sitenote_note":"","_monsterinsights_sitenote_category":0,"footnotes":""},"categories":[3],"tags":[],"class_list":["post-2630","post","type-post","status-publish","format-standard","has-post-thumbnail","hentry","category-noticias"],"aioseo_notices":[],"amp_enabled":true,"_links":{"self":[{"href":"https:\/\/tamaulipasmiregion.com\/index.php?rest_route=\/wp\/v2\/posts\/2630","targetHints":{"allow":["GET"]}}],"collection":[{"href":"https:\/\/tamaulipasmiregion.com\/index.php?rest_route=\/wp\/v2\/posts"}],"about":[{"href":"https:\/\/tamaulipasmiregion.com\/index.php?rest_route=\/wp\/v2\/types\/post"}],"author":[{"embeddable":true,"href":"https:\/\/tamaulipasmiregion.com\/index.php?rest_route=\/wp\/v2\/users\/1"}],"replies":[{"embeddable":true,"href":"https:\/\/tamaulipasmiregion.com\/index.php?rest_route=%2Fwp%2Fv2%2Fcomments&post=2630"}],"version-history":[{"count":2,"href":"https:\/\/tamaulipasmiregion.com\/index.php?rest_route=\/wp\/v2\/posts\/2630\/revisions"}],"predecessor-version":[{"id":2633,"href":"https:\/\/tamaulipasmiregion.com\/index.php?rest_route=\/wp\/v2\/posts\/2630\/revisions\/2633"}],"wp:featuredmedia":[{"embeddable":true,"href":"https:\/\/tamaulipasmiregion.com\/index.php?rest_route=\/wp\/v2\/media\/2631"}],"wp:attachment":[{"href":"https:\/\/tamaulipasmiregion.com\/index.php?rest_route=%2Fwp%2Fv2%2Fmedia&parent=2630"}],"wp:term":[{"taxonomy":"category","embeddable":true,"href":"https:\/\/tamaulipasmiregion.com\/index.php?rest_route=%2Fwp%2Fv2%2Fcategories&post=2630"},{"taxonomy":"post_tag","embeddable":true,"href":"https:\/\/tamaulipasmiregion.com\/index.php?rest_route=%2Fwp%2Fv2%2Ftags&post=2630"}],"curies":[{"name":"wp","href":"https:\/\/api.w.org\/{rel}","templated":true}]}}